{"id":4883,"date":"2026-02-27T16:44:17","date_gmt":"2026-02-27T21:44:17","guid":{"rendered":"https:\/\/mhamichiana.org\/?p=4883"},"modified":"2026-04-27T02:23:18","modified_gmt":"2026-04-27T06:23:18","slug":"mham-eck-institute-2025-perspectives-report","status":"publish","type":"post","link":"https:\/\/mhamichiana.org\/es\/mham-eck-institute-2025-perspectives-report\/","title":{"rendered":"Informe de perspectivas organizativas para 2025"},"content":{"rendered":"<h3 class=\"cvGsUA direction-ltr align-start para-style-body\" style=\"text-align: center;\"><span style=\"color: #385988;\"><span class=\"a_GcMg font-feature-liga-off font-feature-clig-off font-feature-calt-off text-decoration-none text-strikethrough-none\"><span style=\"color: #f95d62;\">Panorama general de las perspectivas organizacionales: la encuesta de salud mental del verano de 2025 destaca la tensi\u00f3n en la fuerza laboral y el compromiso con el cambio.<\/span><\/span><\/span><\/h3>\n<p><span style=\"color: #385988;\">Los hallazgos de la <span style=\"color: #ff9f37;\"><a style=\"color: #ff9f37;\" href=\"https:\/\/mhamichiana.org\/wp-content\/uploads\/2026\/02\/Overview-of-Organizational-Perspectives-Summer-2025-Survey-Email.pdf\"><strong><span class=\"a_GcMg font-feature-liga-off font-feature-clig-off font-feature-calt-off text-decoration-none text-strikethrough-none\">Perspectivas organizacionales sobre el panorama de la salud mental en el norte de Indiana en 2025<\/span><\/strong><\/a><\/span><span class=\"a_GcMg font-feature-liga-off font-feature-clig-off font-feature-calt-off text-decoration-none text-strikethrough-none\"><span style=\"color: #ff9f37;\">,<\/span> creado en colaboraci\u00f3n entre<\/span><span class=\"a_GcMg font-feature-liga-off font-feature-clig-off font-feature-calt-off text-decoration-none text-strikethrough-none\"><strong> Concientizaci\u00f3n sobre la salud mental en Michiana<\/strong> (MHAM) <\/span><span class=\"a_GcMg font-feature-liga-off font-feature-clig-off font-feature-calt-off text-decoration-none text-strikethrough-none\">y el<\/span><a href=\"https:\/\/globalhealth.nd.edu\/\"><span style=\"color: #ff9f37;\"><strong><span class=\"a_GcMg font-feature-liga-off font-feature-clig-off font-feature-calt-off text-decoration-none text-strikethrough-none\"> Instituto Eck para la Salud Global | Notre Dame<\/span><\/strong><\/span><\/a><span class=\"a_GcMg font-feature-liga-off font-feature-clig-off font-feature-calt-off text-decoration-none text-strikethrough-none\">, Los informes revelan un mensaje claro y urgente de las organizaciones de toda la regi\u00f3n: la salud mental sigue siendo una prioridad fundamental, pero los sistemas y los equipos est\u00e1n sintiendo la presi\u00f3n de una demanda creciente y recursos limitados.<\/span><\/span><\/p>\n<blockquote>\n<p class=\"cvGsUA direction-ltr align-start para-style-body\"><span style=\"color: #97a926;\"><em><span class=\"a_GcMg font-feature-liga-off font-feature-clig-off font-feature-calt-off text-decoration-none text-strikethrough-none\">\u201cEl Informe de Perspectivas Organizacionales, realizado en colaboraci\u00f3n con el Instituto Eck de Salud Global, nos ofrece una visi\u00f3n general de la situaci\u00f3n de las organizaciones sin fines de lucro\u201d, afirma Lisa Kelly, Directora Ejecutiva de MHAM. \u201cEn agosto de 2025, se recopilaron encuestas de l\u00edderes de organizaciones sin fines de lucro de Michiana para comprender mejor sus respuestas a los cambios actuales en las pol\u00edticas y la financiaci\u00f3n. Observamos el estr\u00e9s que experimentan estas organizaciones, pero tambi\u00e9n su capacidad de adaptaci\u00f3n. Preservar el personal y los servicios es una prioridad al tiempo que se gestionan fuentes de financiaci\u00f3n menos estables. Me entusiasma especialmente la perspectiva de colaboraci\u00f3n que muestran los encuestados\u2019.\u201d<\/span><\/em><\/span><\/p>\n<\/blockquote>\n<p class=\"cvGsUA direction-ltr align-start para-style-body\"><span style=\"color: #385988;\"><span class=\"a_GcMg font-feature-liga-off font-feature-clig-off font-feature-calt-off text-decoration-none text-strikethrough-none\">La encuesta recab\u00f3 comentarios de una amplia gama de organizaciones para comprender mejor c\u00f3mo la salud mental <\/span><span class=\"a_GcMg font-feature-liga-off font-feature-clig-off font-feature-calt-off text-decoration-none text-strikethrough-none\">Los desaf\u00edos afectan a los lugares de trabajo, a los proveedores de servicios y a la comunidad en general. Muchos encuestados informaron una mayor apertura al hablar sobre el estr\u00e9s, el agotamiento y las pr\u00e1cticas basadas en el trauma, lo que indica un progreso continuo en la reducci\u00f3n del estigma en torno a la salud mental en los entornos profesionales. El informe tambi\u00e9n subraya desaf\u00edos persistentes y complejos: las organizaciones citaron la escasez de personal, las limitaciones de financiaci\u00f3n y las limitaciones de capacidad como obst\u00e1culos importantes para satisfacer plenamente las necesidades de la comunidad.<\/span><\/span><\/p>\n<p class=\"cvGsUA direction-ltr align-start para-style-body\" style=\"text-align: center;\"><span class=\"a_GcMg font-feature-liga-off font-feature-clig-off font-feature-calt-off text-decoration-none text-strikethrough-none\" style=\"color: #385988;\"><strong>Haz clic a continuaci\u00f3n para leer el informe completo.<\/strong>:<\/span><\/p>\n<p><a href=\"https:\/\/mhamichiana.org\/wp-content\/uploads\/2026\/02\/Overview-of-Organizational-Perspectives-Summer-2025-Survey-Email.pdf\"><img decoding=\"async\" class=\"aligncenter wp-image-4887 size-medium\" src=\"https:\/\/mhamichiana.org\/wp-content\/uploads\/2026\/02\/CLICK-HERE-for-VIP-300x150.png\" alt=\"Click here to access the Report graphic\" width=\"300\" height=\"150\" srcset=\"https:\/\/mhamichiana.org\/wp-content\/uploads\/2026\/02\/CLICK-HERE-for-VIP-300x150.png 300w, https:\/\/mhamichiana.org\/wp-content\/uploads\/2026\/02\/CLICK-HERE-for-VIP-1024x512.png 1024w, https:\/\/mhamichiana.org\/wp-content\/uploads\/2026\/02\/CLICK-HERE-for-VIP-768x384.png 768w, https:\/\/mhamichiana.org\/wp-content\/uploads\/2026\/02\/CLICK-HERE-for-VIP-18x9.png 18w, https:\/\/mhamichiana.org\/wp-content\/uploads\/2026\/02\/CLICK-HERE-for-VIP.png 1463w\" sizes=\"(max-width: 300px) 100vw, 300px\" \/><\/a><\/p>\n<p>&nbsp;<\/p>\n<hr \/>\n<p>&nbsp;<\/p>\n<p><img fetchpriority=\"high\" decoding=\"async\" class=\"aligncenter wp-image-3856 size-large\" src=\"https:\/\/mhamichiana.org\/wp-content\/uploads\/2025\/01\/Footer-for-Blog-Posts-2025-1024x273.png\" alt=\"Footer for Blog Posts 2025\" width=\"800\" height=\"213\" srcset=\"https:\/\/mhamichiana.org\/wp-content\/uploads\/2025\/01\/Footer-for-Blog-Posts-2025-1024x273.png 1024w, https:\/\/mhamichiana.org\/wp-content\/uploads\/2025\/01\/Footer-for-Blog-Posts-2025-300x80.png 300w, https:\/\/mhamichiana.org\/wp-content\/uploads\/2025\/01\/Footer-for-Blog-Posts-2025-768x205.png 768w, https:\/\/mhamichiana.org\/wp-content\/uploads\/2025\/01\/Footer-for-Blog-Posts-2025-18x5.png 18w, https:\/\/mhamichiana.org\/wp-content\/uploads\/2025\/01\/Footer-for-Blog-Posts-2025.png 1500w\" sizes=\"(max-width: 800px) 100vw, 800px\" \/><\/p>","protected":false},"excerpt":{"rendered":"<p>Overview of Organizational Perspectives: Summer 2025 Mental Health Survey Highlights Workforce Strain and Commitment to Change The findings of the 2025 Organizational Perspectives on the Mental Health Landscape in Northern Indiana, created in collaboration between Mental Health Awareness of Michiana (MHAM) and the Eck Institute for Global Health | Notre Dame, reveal a clear and [&hellip;]<\/p>\n","protected":false},"author":3,"featured_media":4886,"comment_status":"closed","ping_status":"open","sticky":false,"template":"","format":"standard","meta":{"_monsterinsights_skip_tracking":false,"_monsterinsights_sitenote_active":false,"_monsterinsights_sitenote_note":"","_monsterinsights_sitenote_category":0,"footnotes":""},"categories":[26],"tags":[],"class_list":["post-4883","post","type-post","status-publish","format-standard","has-post-thumbnail","hentry","category-news"],"yoast_head":"<!-- This site is optimized with the Yoast SEO plugin v27.4 - https:\/\/yoast.com\/product\/yoast-seo-wordpress\/ -->\n<title>2025 Organizational Perspectives Report - Mental Health Awareness of Michiana<\/title>\n<meta name=\"description\" content=\"The findings of the 2025 Organizational Perspectives on the Mental Health Landscape in Northern Indiana, created in collaboration between Mental Health Awareness of Michiana (MHAM) and the Eck Institute for Global Health | Notre Dame, reveal a clear and urgent message from organizations across the region: mental health remains a critical priority, yet systems and teams are feeling the strain of rising demand and limited resources.\" \/>\n<meta name=\"robots\" content=\"index, follow, max-snippet:-1, max-image-preview:large, max-video-preview:-1\" \/>\n<link rel=\"canonical\" href=\"https:\/\/mhamichiana.org\/es\/mham-eck-institute-2025-perspectives-report\/\" \/>\n<meta property=\"og:locale\" content=\"es_MX\" \/>\n<meta property=\"og:type\" content=\"article\" \/>\n<meta property=\"og:title\" content=\"2025 Organizational Perspectives Report - Mental Health Awareness of Michiana\" \/>\n<meta property=\"og:description\" content=\"The findings of the 2025 Organizational Perspectives on the Mental Health Landscape in Northern Indiana, created in collaboration between Mental Health Awareness of Michiana (MHAM) and the Eck Institute for Global Health | Notre Dame, reveal a clear and urgent message from organizations across the region: mental health remains a critical priority, yet systems and teams are feeling the strain of rising demand and limited resources.\" \/>\n<meta property=\"og:url\" content=\"https:\/\/mhamichiana.org\/es\/mham-eck-institute-2025-perspectives-report\/\" \/>\n<meta property=\"og:site_name\" content=\"Mental Health Awareness of Michiana\" \/>\n<meta property=\"article:published_time\" content=\"2026-02-27T21:44:17+00:00\" \/>\n<meta property=\"article:modified_time\" content=\"2026-04-27T06:23:18+00:00\" \/>\n<meta property=\"og:image\" content=\"https:\/\/mhamichiana.org\/wp-content\/uploads\/2026\/02\/Mental-Health-Landscape-Report-graphic-newsletter-1024x488.png\" \/>\n\t<meta property=\"og:image:width\" content=\"1024\" \/>\n\t<meta property=\"og:image:height\" content=\"488\" \/>\n\t<meta property=\"og:image:type\" content=\"image\/png\" \/>\n<meta name=\"author\" content=\"MHAM\" \/>\n<meta name=\"twitter:card\" content=\"summary_large_image\" \/>\n<meta name=\"twitter:label1\" content=\"Escrito por\" \/>\n\t<meta name=\"twitter:data1\" content=\"MHAM\" \/>\n\t<meta name=\"twitter:label2\" content=\"Tiempo de lectura\" \/>\n\t<meta name=\"twitter:data2\" content=\"2 minutos\" \/>\n<script type=\"application\/ld+json\" class=\"yoast-schema-graph\">{\"@context\":\"https:\\\/\\\/schema.org\",\"@graph\":[{\"@type\":\"Article\",\"@id\":\"https:\\\/\\\/mhamichiana.org\\\/mham-eck-institute-2025-perspectives-report\\\/#article\",\"isPartOf\":{\"@id\":\"https:\\\/\\\/mhamichiana.org\\\/mham-eck-institute-2025-perspectives-report\\\/\"},\"author\":{\"name\":\"MHAM\",\"@id\":\"https:\\\/\\\/mhamichiana.org\\\/#\\\/schema\\\/person\\\/df99bf76434e5f057395f5e2a0159e1a\"},\"headline\":\"2025 Organizational Perspectives Report\",\"datePublished\":\"2026-02-27T21:44:17+00:00\",\"dateModified\":\"2026-04-27T06:23:18+00:00\",\"mainEntityOfPage\":{\"@id\":\"https:\\\/\\\/mhamichiana.org\\\/mham-eck-institute-2025-perspectives-report\\\/\"},\"wordCount\":259,\"publisher\":{\"@id\":\"https:\\\/\\\/mhamichiana.org\\\/#organization\"},\"image\":{\"@id\":\"https:\\\/\\\/mhamichiana.org\\\/mham-eck-institute-2025-perspectives-report\\\/#primaryimage\"},\"thumbnailUrl\":\"https:\\\/\\\/mhamichiana.org\\\/wp-content\\\/uploads\\\/2026\\\/02\\\/Mental-Health-Landscape-Report-graphic-newsletter.png\",\"articleSection\":[\"News\"],\"inLanguage\":\"es\"},{\"@type\":\"WebPage\",\"@id\":\"https:\\\/\\\/mhamichiana.org\\\/mham-eck-institute-2025-perspectives-report\\\/\",\"url\":\"https:\\\/\\\/mhamichiana.org\\\/mham-eck-institute-2025-perspectives-report\\\/\",\"name\":\"2025 Organizational Perspectives Report - Mental Health Awareness of Michiana\",\"isPartOf\":{\"@id\":\"https:\\\/\\\/mhamichiana.org\\\/#website\"},\"primaryImageOfPage\":{\"@id\":\"https:\\\/\\\/mhamichiana.org\\\/mham-eck-institute-2025-perspectives-report\\\/#primaryimage\"},\"image\":{\"@id\":\"https:\\\/\\\/mhamichiana.org\\\/mham-eck-institute-2025-perspectives-report\\\/#primaryimage\"},\"thumbnailUrl\":\"https:\\\/\\\/mhamichiana.org\\\/wp-content\\\/uploads\\\/2026\\\/02\\\/Mental-Health-Landscape-Report-graphic-newsletter.png\",\"datePublished\":\"2026-02-27T21:44:17+00:00\",\"dateModified\":\"2026-04-27T06:23:18+00:00\",\"description\":\"The findings of the 2025 Organizational Perspectives on the Mental Health Landscape in Northern Indiana, created in collaboration between Mental Health Awareness of Michiana (MHAM) and the Eck Institute for Global Health | Notre Dame, reveal a clear and urgent message from organizations across the region: mental health remains a critical priority, yet systems and teams are feeling the strain of rising demand and limited resources.\",\"breadcrumb\":{\"@id\":\"https:\\\/\\\/mhamichiana.org\\\/mham-eck-institute-2025-perspectives-report\\\/#breadcrumb\"},\"inLanguage\":\"es\",\"potentialAction\":[{\"@type\":\"ReadAction\",\"target\":[\"https:\\\/\\\/mhamichiana.org\\\/mham-eck-institute-2025-perspectives-report\\\/\"]}]},{\"@type\":\"ImageObject\",\"inLanguage\":\"es\",\"@id\":\"https:\\\/\\\/mhamichiana.org\\\/mham-eck-institute-2025-perspectives-report\\\/#primaryimage\",\"url\":\"https:\\\/\\\/mhamichiana.org\\\/wp-content\\\/uploads\\\/2026\\\/02\\\/Mental-Health-Landscape-Report-graphic-newsletter.png\",\"contentUrl\":\"https:\\\/\\\/mhamichiana.org\\\/wp-content\\\/uploads\\\/2026\\\/02\\\/Mental-Health-Landscape-Report-graphic-newsletter.png\",\"width\":2400,\"height\":1144,\"caption\":\"MHAM + Eck Institute report header image\"},{\"@type\":\"BreadcrumbList\",\"@id\":\"https:\\\/\\\/mhamichiana.org\\\/mham-eck-institute-2025-perspectives-report\\\/#breadcrumb\",\"itemListElement\":[{\"@type\":\"ListItem\",\"position\":1,\"name\":\"Home\",\"item\":\"https:\\\/\\\/mhamichiana.org\\\/\"},{\"@type\":\"ListItem\",\"position\":2,\"name\":\"2025 Organizational Perspectives Report\"}]},{\"@type\":\"WebSite\",\"@id\":\"https:\\\/\\\/mhamichiana.org\\\/#website\",\"url\":\"https:\\\/\\\/mhamichiana.org\\\/\",\"name\":\"Mental Health Awareness of Michiana\",\"description\":\"Eliminate Stigma, Build Collaboration, Ensure Access to Care\",\"publisher\":{\"@id\":\"https:\\\/\\\/mhamichiana.org\\\/#organization\"},\"potentialAction\":[{\"@type\":\"SearchAction\",\"target\":{\"@type\":\"EntryPoint\",\"urlTemplate\":\"https:\\\/\\\/mhamichiana.org\\\/?s={search_term_string}\"},\"query-input\":{\"@type\":\"PropertyValueSpecification\",\"valueRequired\":true,\"valueName\":\"search_term_string\"}}],\"inLanguage\":\"es\"},{\"@type\":\"Organization\",\"@id\":\"https:\\\/\\\/mhamichiana.org\\\/#organization\",\"name\":\"Mental Health Awareness of Michiana\",\"url\":\"https:\\\/\\\/mhamichiana.org\\\/\",\"logo\":{\"@type\":\"ImageObject\",\"inLanguage\":\"es\",\"@id\":\"https:\\\/\\\/mhamichiana.org\\\/#\\\/schema\\\/logo\\\/image\\\/\",\"url\":\"https:\\\/\\\/mhamichiana.org\\\/wp-content\\\/uploads\\\/2024\\\/12\\\/MHAM-MHA-White-1.png\",\"contentUrl\":\"https:\\\/\\\/mhamichiana.org\\\/wp-content\\\/uploads\\\/2024\\\/12\\\/MHAM-MHA-White-1.png\",\"width\":2560,\"height\":427,\"caption\":\"Mental Health Awareness of Michiana\"},\"image\":{\"@id\":\"https:\\\/\\\/mhamichiana.org\\\/#\\\/schema\\\/logo\\\/image\\\/\"}},{\"@type\":\"Person\",\"@id\":\"https:\\\/\\\/mhamichiana.org\\\/#\\\/schema\\\/person\\\/df99bf76434e5f057395f5e2a0159e1a\",\"name\":\"MHAM\",\"image\":{\"@type\":\"ImageObject\",\"inLanguage\":\"es\",\"@id\":\"https:\\\/\\\/secure.gravatar.com\\\/avatar\\\/fa319975a97d8a1a8d1eabfb8ba3369c2a600df01452f041044fc83fb35103db?s=96&d=mm&r=g\",\"url\":\"https:\\\/\\\/secure.gravatar.com\\\/avatar\\\/fa319975a97d8a1a8d1eabfb8ba3369c2a600df01452f041044fc83fb35103db?s=96&d=mm&r=g\",\"contentUrl\":\"https:\\\/\\\/secure.gravatar.com\\\/avatar\\\/fa319975a97d8a1a8d1eabfb8ba3369c2a600df01452f041044fc83fb35103db?s=96&d=mm&r=g\",\"caption\":\"MHAM\"},\"sameAs\":[\"http:\\\/\\\/mhamichiana.org\"],\"url\":\"https:\\\/\\\/mhamichiana.org\\\/es\\\/author\\\/emily\\\/\"}]}<\/script>\n<!-- \/ Yoast SEO plugin. -->","yoast_head_json":{"title":"Informe de perspectivas organizacionales de 2025: Concienciaci\u00f3n sobre la salud mental en Michiana","description":"Los resultados del informe &quot;Perspectivas Organizacionales de 2025 sobre el Panorama de la Salud Mental en el Norte de Indiana&quot;, elaborado en colaboraci\u00f3n entre Mental Health Awareness of Michiana (MHAM) y el Eck Institute for Global Health | Notre Dame, revelan un mensaje claro y urgente de las organizaciones de toda la regi\u00f3n: la salud mental sigue siendo una prioridad fundamental, pero los sistemas y los equipos est\u00e1n sintiendo la presi\u00f3n de una demanda creciente y recursos limitados.","robots":{"index":"index","follow":"follow","max-snippet":"max-snippet:-1","max-image-preview":"max-image-preview:large","max-video-preview":"max-video-preview:-1"},"canonical":"https:\/\/mhamichiana.org\/es\/mham-eck-institute-2025-perspectives-report\/","og_locale":"es_MX","og_type":"article","og_title":"2025 Organizational Perspectives Report - Mental Health Awareness of Michiana","og_description":"The findings of the 2025 Organizational Perspectives on the Mental Health Landscape in Northern Indiana, created in collaboration between Mental Health Awareness of Michiana (MHAM) and the Eck Institute for Global Health | Notre Dame, reveal a clear and urgent message from organizations across the region: mental health remains a critical priority, yet systems and teams are feeling the strain of rising demand and limited resources.","og_url":"https:\/\/mhamichiana.org\/es\/mham-eck-institute-2025-perspectives-report\/","og_site_name":"Mental Health Awareness of Michiana","article_published_time":"2026-02-27T21:44:17+00:00","article_modified_time":"2026-04-27T06:23:18+00:00","og_image":[{"width":1024,"height":488,"url":"https:\/\/mhamichiana.org\/wp-content\/uploads\/2026\/02\/Mental-Health-Landscape-Report-graphic-newsletter-1024x488.png","type":"image\/png"}],"author":"MHAM","twitter_card":"summary_large_image","twitter_misc":{"Escrito por":"MHAM","Tiempo de lectura":"2 minutos"},"schema":{"@context":"https:\/\/schema.org","@graph":[{"@type":"Article","@id":"https:\/\/mhamichiana.org\/mham-eck-institute-2025-perspectives-report\/#article","isPartOf":{"@id":"https:\/\/mhamichiana.org\/mham-eck-institute-2025-perspectives-report\/"},"author":{"name":"MHAM","@id":"https:\/\/mhamichiana.org\/#\/schema\/person\/df99bf76434e5f057395f5e2a0159e1a"},"headline":"2025 Organizational Perspectives Report","datePublished":"2026-02-27T21:44:17+00:00","dateModified":"2026-04-27T06:23:18+00:00","mainEntityOfPage":{"@id":"https:\/\/mhamichiana.org\/mham-eck-institute-2025-perspectives-report\/"},"wordCount":259,"publisher":{"@id":"https:\/\/mhamichiana.org\/#organization"},"image":{"@id":"https:\/\/mhamichiana.org\/mham-eck-institute-2025-perspectives-report\/#primaryimage"},"thumbnailUrl":"https:\/\/mhamichiana.org\/wp-content\/uploads\/2026\/02\/Mental-Health-Landscape-Report-graphic-newsletter.png","articleSection":["News"],"inLanguage":"es"},{"@type":"WebPage","@id":"https:\/\/mhamichiana.org\/mham-eck-institute-2025-perspectives-report\/","url":"https:\/\/mhamichiana.org\/mham-eck-institute-2025-perspectives-report\/","name":"Informe de perspectivas organizacionales de 2025: Concienciaci\u00f3n sobre la salud mental en Michiana","isPartOf":{"@id":"https:\/\/mhamichiana.org\/#website"},"primaryImageOfPage":{"@id":"https:\/\/mhamichiana.org\/mham-eck-institute-2025-perspectives-report\/#primaryimage"},"image":{"@id":"https:\/\/mhamichiana.org\/mham-eck-institute-2025-perspectives-report\/#primaryimage"},"thumbnailUrl":"https:\/\/mhamichiana.org\/wp-content\/uploads\/2026\/02\/Mental-Health-Landscape-Report-graphic-newsletter.png","datePublished":"2026-02-27T21:44:17+00:00","dateModified":"2026-04-27T06:23:18+00:00","description":"Los resultados del informe &quot;Perspectivas Organizacionales de 2025 sobre el Panorama de la Salud Mental en el Norte de Indiana&quot;, elaborado en colaboraci\u00f3n entre Mental Health Awareness of Michiana (MHAM) y el Eck Institute for Global Health | Notre Dame, revelan un mensaje claro y urgente de las organizaciones de toda la regi\u00f3n: la salud mental sigue siendo una prioridad fundamental, pero los sistemas y los equipos est\u00e1n sintiendo la presi\u00f3n de una demanda creciente y recursos limitados.","breadcrumb":{"@id":"https:\/\/mhamichiana.org\/mham-eck-institute-2025-perspectives-report\/#breadcrumb"},"inLanguage":"es","potentialAction":[{"@type":"ReadAction","target":["https:\/\/mhamichiana.org\/mham-eck-institute-2025-perspectives-report\/"]}]},{"@type":"ImageObject","inLanguage":"es","@id":"https:\/\/mhamichiana.org\/mham-eck-institute-2025-perspectives-report\/#primaryimage","url":"https:\/\/mhamichiana.org\/wp-content\/uploads\/2026\/02\/Mental-Health-Landscape-Report-graphic-newsletter.png","contentUrl":"https:\/\/mhamichiana.org\/wp-content\/uploads\/2026\/02\/Mental-Health-Landscape-Report-graphic-newsletter.png","width":2400,"height":1144,"caption":"MHAM + Eck Institute report header image"},{"@type":"BreadcrumbList","@id":"https:\/\/mhamichiana.org\/mham-eck-institute-2025-perspectives-report\/#breadcrumb","itemListElement":[{"@type":"ListItem","position":1,"name":"Home","item":"https:\/\/mhamichiana.org\/"},{"@type":"ListItem","position":2,"name":"2025 Organizational Perspectives Report"}]},{"@type":"WebSite","@id":"https:\/\/mhamichiana.org\/#website","url":"https:\/\/mhamichiana.org\/","name":"Concientizaci\u00f3n sobre la salud mental en Michiana","description":"Eliminar el estigma, fomentar la colaboraci\u00f3n y garantizar el acceso a la atenci\u00f3n m\u00e9dica.","publisher":{"@id":"https:\/\/mhamichiana.org\/#organization"},"potentialAction":[{"@type":"SearchAction","target":{"@type":"EntryPoint","urlTemplate":"https:\/\/mhamichiana.org\/?s={search_term_string}"},"query-input":{"@type":"PropertyValueSpecification","valueRequired":true,"valueName":"search_term_string"}}],"inLanguage":"es"},{"@type":"Organization","@id":"https:\/\/mhamichiana.org\/#organization","name":"Concientizaci\u00f3n sobre la salud mental en Michiana","url":"https:\/\/mhamichiana.org\/","logo":{"@type":"ImageObject","inLanguage":"es","@id":"https:\/\/mhamichiana.org\/#\/schema\/logo\/image\/","url":"https:\/\/mhamichiana.org\/wp-content\/uploads\/2024\/12\/MHAM-MHA-White-1.png","contentUrl":"https:\/\/mhamichiana.org\/wp-content\/uploads\/2024\/12\/MHAM-MHA-White-1.png","width":2560,"height":427,"caption":"Mental Health Awareness of Michiana"},"image":{"@id":"https:\/\/mhamichiana.org\/#\/schema\/logo\/image\/"}},{"@type":"Person","@id":"https:\/\/mhamichiana.org\/#\/schema\/person\/df99bf76434e5f057395f5e2a0159e1a","name":"MHAM","image":{"@type":"ImageObject","inLanguage":"es","@id":"https:\/\/secure.gravatar.com\/avatar\/fa319975a97d8a1a8d1eabfb8ba3369c2a600df01452f041044fc83fb35103db?s=96&d=mm&r=g","url":"https:\/\/secure.gravatar.com\/avatar\/fa319975a97d8a1a8d1eabfb8ba3369c2a600df01452f041044fc83fb35103db?s=96&d=mm&r=g","contentUrl":"https:\/\/secure.gravatar.com\/avatar\/fa319975a97d8a1a8d1eabfb8ba3369c2a600df01452f041044fc83fb35103db?s=96&d=mm&r=g","caption":"MHAM"},"sameAs":["http:\/\/mhamichiana.org"],"url":"https:\/\/mhamichiana.org\/es\/author\/emily\/"}]}},"_links":{"self":[{"href":"https:\/\/mhamichiana.org\/es\/wp-json\/wp\/v2\/posts\/4883","targetHints":{"allow":["GET"]}}],"collection":[{"href":"https:\/\/mhamichiana.org\/es\/wp-json\/wp\/v2\/posts"}],"about":[{"href":"https:\/\/mhamichiana.org\/es\/wp-json\/wp\/v2\/types\/post"}],"author":[{"embeddable":true,"href":"https:\/\/mhamichiana.org\/es\/wp-json\/wp\/v2\/users\/3"}],"replies":[{"embeddable":true,"href":"https:\/\/mhamichiana.org\/es\/wp-json\/wp\/v2\/comments?post=4883"}],"version-history":[{"count":7,"href":"https:\/\/mhamichiana.org\/es\/wp-json\/wp\/v2\/posts\/4883\/revisions"}],"predecessor-version":[{"id":4896,"href":"https:\/\/mhamichiana.org\/es\/wp-json\/wp\/v2\/posts\/4883\/revisions\/4896"}],"wp:featuredmedia":[{"embeddable":true,"href":"https:\/\/mhamichiana.org\/es\/wp-json\/wp\/v2\/media\/4886"}],"wp:attachment":[{"href":"https:\/\/mhamichiana.org\/es\/wp-json\/wp\/v2\/media?parent=4883"}],"wp:term":[{"taxonomy":"category","embeddable":true,"href":"https:\/\/mhamichiana.org\/es\/wp-json\/wp\/v2\/categories?post=4883"},{"taxonomy":"post_tag","embeddable":true,"href":"https:\/\/mhamichiana.org\/es\/wp-json\/wp\/v2\/tags?post=4883"}],"curies":[{"name":"wp","href":"https:\/\/api.w.org\/{rel}","templated":true}]}}