{"id":4691,"date":"2025-12-08T11:25:14","date_gmt":"2025-12-08T16:25:14","guid":{"rendered":"https:\/\/mhamichiana.org\/?p=4691"},"modified":"2026-04-27T02:23:18","modified_gmt":"2026-04-27T06:23:18","slug":"mental-health-literacy","status":"publish","type":"post","link":"https:\/\/mhamichiana.org\/es\/mental-health-literacy\/","title":{"rendered":"Una comunidad m\u00e1s resiliente: Por qu\u00e9 la alfabetizaci\u00f3n en salud mental es nuestra mejor inversi\u00f3n."},"content":{"rendered":"<h4 style=\"text-align: center;\"><span style=\"color: #305988;\"><em>De la directora ejecutiva Lisa Kelly<\/em><\/span><\/h4>\n<p>&nbsp;<\/p>\n<p><span style=\"color: #305988;\"><span style=\"font-weight: 400;\">Me enorgullece enormemente dirigir una organizaci\u00f3n dedicada a apoyar el bienestar de todas las personas de nuestra comunidad. <\/span><b>Nuestra visi\u00f3n de una comunidad verdaderamente sana comienza con la eliminaci\u00f3n del estigma a trav\u00e9s de la prevenci\u00f3n y la educaci\u00f3n.<\/b><\/span><\/p>\n<p><span style=\"color: #305988;\"><span style=\"font-weight: 400;\">Por eso quiero hablar directamente sobre el poder transformador de nuestra <\/span><b><span style=\"color: #f95d62;\"><a style=\"color: #f95d62;\" href=\"https:\/\/www.facebook.com\/share\/p\/1EScW3ghM4\/\">Clases de alfabetizaci\u00f3n en salud mental comunitaria<\/a><\/span>.<\/b><\/span><\/p>\n<p>&nbsp;<\/p>\n<p><span style=\"color: #00b4bc;\"><b>La barrera silenciosa: estigma y malentendidos.<\/b><\/span><\/p>\n<p><span style=\"font-weight: 400; color: #305988;\">Durante demasiado tiempo, la salud mental se ha tratado en voz baja, rodeada de miedo y malentendidos. Este silencio crea una enorme barrera. A menudo, las personas no buscan ayuda porque:<\/span><\/p>\n<ul>\n<li style=\"font-weight: 400;\" aria-level=\"1\"><span style=\"font-weight: 400; color: #305988;\">No <strong>reconocer las se\u00f1ales<\/strong> en s\u00ed mismos o en los dem\u00e1s.<\/span><\/li>\n<li style=\"font-weight: 400;\" aria-level=\"1\"><span style=\"font-weight: 400; color: #305988;\">El miedo a ser<strong> juzgado o etiquetado<\/strong>.<\/span><\/li>\n<li style=\"font-weight: 400;\" aria-level=\"1\"><span style=\"color: #305988;\"><span style=\"font-weight: 400;\">No lo s\u00e9 <\/span><b>d\u00f3nde<\/b><span style=\"font-weight: 400;\"> girar o <\/span><b>c\u00f3mo<\/b><span style=\"font-weight: 400;\"> para iniciar una conversaci\u00f3n constructiva.<\/span><\/span><\/li>\n<\/ul>\n<p><span style=\"color: #305988;\"><span style=\"font-weight: 400;\">La alfabetizaci\u00f3n en salud mental consiste en equipar a todos con lo siguiente: <\/span><b>herramientas b\u00e1sicas de comprensi\u00f3n y conexi\u00f3n.<\/b><\/span><\/p>\n<p>&nbsp;<\/p>\n<p><span style=\"color: #00b4bc;\"><b>Tres beneficios fundamentales de las clases de alfabetizaci\u00f3n en salud mental<\/b><\/span><\/p>\n<p><span style=\"font-weight: 400; color: #305988;\">Nuestros cursos est\u00e1n dise\u00f1ados para producir un cambio real y medible en la vida de las personas y en la salud de la comunidad.<\/span><\/p>\n<table>\n<thead>\n<tr>\n<th><span style=\"color: #975381;\"><b>Beneficio<\/b><\/span><\/th>\n<th><span style=\"color: #975381;\"><b>Impacto en el individuo<\/b><\/span><\/th>\n<th><span style=\"color: #975381;\"><b>Impacto en la comunidad<\/b><\/span><\/th>\n<\/tr>\n<\/thead>\n<tbody>\n<tr>\n<td><span style=\"color: #ff9f37;\"><b>1. Identificaci\u00f3n temprana<\/b><\/span><\/td>\n<td><span style=\"font-weight: 400; color: #305988;\">Aprende a distinguir entre el estr\u00e9s t\u00edpico y los signos de un problema de salud mental.<\/span><\/td>\n<td><span style=\"font-weight: 400; color: #305988;\">Esto permite una intervenci\u00f3n m\u00e1s temprana, previniendo crisis y reduciendo la necesidad de cuidados costosos y de alta complejidad en el futuro.<\/span><\/td>\n<\/tr>\n<tr>\n<td><span style=\"color: #ff9f37;\"><b>2. Reducci\u00f3n del estigma<\/b><\/span><\/td>\n<td><span style=\"font-weight: 400; color: #305988;\">Adquiere la confianza necesaria para hablar abiertamente y sin prejuicios sobre la salud mental.<\/span><\/td>\n<td><span style=\"font-weight: 400; color: #305988;\">Fomenta una cultura de aceptaci\u00f3n y compasi\u00f3n, haciendo que buscar ayuda sea un acto natural y respetado.<\/span><\/td>\n<\/tr>\n<tr>\n<td><span style=\"color: #ff9f37;\"><b>3. Promover un enfoque de bienestar<\/b><\/span><\/td>\n<td><span style=\"font-weight: 400; color: #305988;\">Adquiera habilidades pr\u00e1cticas para reducir el estr\u00e9s y promover el bienestar general.<\/span><\/td>\n<td><span style=\"font-weight: 400; color: #305988;\">Crea una cultura que incluye medidas que todos pueden tomar para mitigar el estr\u00e9s y mejorar el bienestar.<\/span><\/td>\n<\/tr>\n<\/tbody>\n<\/table>\n<blockquote><p><span style=\"color: #305988;\"><b><br \/>\n<span style=\"color: #97a926;\"><em>\u201cUna persona que comprende la salud mental no es solo un mejor vecino; es una parte esencial de nuestra infraestructura de salud p\u00fablica.\u201d<\/em><\/span><\/b><\/span><\/p>\n<p>&nbsp;<\/p><\/blockquote>\n<p><span style=\"color: #00b4bc;\"><b>Nuestro llamado a la acci\u00f3n: Invertir en nosotros mismos<\/b><\/span><\/p>\n<p><span style=\"font-weight: 400; color: #305988;\">Como Directora Ejecutiva, considero que estas clases de alfabetizaci\u00f3n son uno de los servicios m\u00e1s rentables y de mayor impacto que ofrecemos.<\/span><\/p>\n<ul>\n<li style=\"font-weight: 400;\" aria-level=\"1\"><span style=\"color: #ff9f37;\"><b>Para empresas:<\/b><\/span><span style=\"color: #305988;\"><span style=\"font-weight: 400;\"> La alfabetizaci\u00f3n en salud mental mejora la moral del equipo, reduce el absentismo y aumenta la productividad. Es una inversi\u00f3n en su activo m\u00e1s valioso: su gente.<\/span><\/span><\/li>\n<li style=\"font-weight: 400;\" aria-level=\"1\"><span style=\"color: #305988;\"><span style=\"color: #ff9f37;\"><b>Para escuelas y organizaciones comunitarias:<\/b><\/span><span style=\"font-weight: 400;\"> Permite que profesores, estudiantes y personal administrativo contribuyan directamente a un entorno m\u00e1s seguro y de mayor apoyo.<\/span><\/span><\/li>\n<li style=\"font-weight: 400;\" aria-level=\"1\"><span style=\"color: #305988;\"><span style=\"color: #ff9f37;\"><b>Para particulares:<\/b><\/span><span style=\"font-weight: 400;\"> Te brinda tranquilidad al saber que est\u00e1s preparado para ayudar a un ser querido o para reconocer la necesidad de cuidar de ti mismo.<\/span><\/span><\/li>\n<\/ul>\n<p><span style=\"color: #305988;\"><span style=\"font-weight: 400;\">Creemos que <\/span><b>Todos merecen tener conocimientos sobre salud mental.<\/b><span style=\"font-weight: 400;\"> Es una habilidad vital fundamental que fomenta la compasi\u00f3n, la resiliencia y la esperanza.<\/span><\/span><\/p>\n<p><span style=\"color: #305988;\">Nos gustar\u00eda agradecer especialmente <b><a href=\"https:\/\/www.1stsource.com\/you-1st\/community\/1st-source-foundation\/\"><span style=\"color: #f95d62;\">Banco de fuentes 1<\/span><\/a> <\/b>y el <span style=\"color: #f95d62;\"><b><a style=\"color: #f95d62;\" href=\"https:\/\/pokagonfund.org\/\">Fondo Pokagon<\/a><\/b><\/span>\u00a0por su apoyo a nuestras clases de alfabetizaci\u00f3n en salud mental.<\/span><\/p>\n<p>&nbsp;<\/p>\n<p><span style=\"color: #00b4bc;\"><b>\u00bfEst\u00e1s listo para empoderarte a ti mismo y a tu comunidad?<\/b><\/span><\/p>\n<p><span style=\"color: #305988;\"><b>Cont\u00e1ctanos<\/b><span style=\"font-weight: 400;\"> Para consultar sobre la posibilidad de llevar una clase personalizada a su organizaci\u00f3n: <strong><span style=\"color: #ff9f37;\">JMarable@mhamichiana.org<\/span>.<\/strong><\/span><\/span><\/p>\n<p><span style=\"color: #305988;\"><b>Trabajemos juntos para construir una comunidad donde el bienestar mental no sea la excepci\u00f3n, sino la norma.<\/b><\/span><\/p>\n<p>&nbsp;<\/p>\n<p><span style=\"color: #305988;\">Atentamente,<\/span><\/p>\n<p><span style=\"color: #975381;\"><b>Lisa Kelly<\/b><\/span><\/p>\n<p><span style=\"color: #305988;\"><em>Directora Ejecutiva de la organizaci\u00f3n Mental Health Awareness of Michiana (MHAM)<\/em><\/span><\/p>\n<p>&nbsp;<\/p>\n<hr \/>\n<p><span style=\"color: #305988;\">En MHAM, vemos cada d\u00eda cu\u00e1nto pueden cambiar la vida de alguien la conexi\u00f3n y el apoyo. Su generosidad ayuda a hacer posibles nuestras clases educativas, <span style=\"color: #f95d62;\"><a style=\"color: #f95d62;\" href=\"https:\/\/mhamichiana.org\/es\/pro-bono-counseling-project\/\"><strong>Asesoramiento Gratuito<\/strong><\/a><\/span>, apoyo entre pares, ex\u00e1menes de salud mental y eventos p\u00fablicos que re\u00fanen a las personas y abren la puerta a la sanaci\u00f3n. Estos programas est\u00e1n creando esperanza para individuos y familias en toda Michiana y <em>No podr\u00edamos haberlo hecho sin ti.<br \/>\n<\/em><\/span><\/p>\n<p><a href=\"https:\/\/mentalhealthawarenessmichiana.givingfuel.com\/2025-end-of-year-campaign-\"><img decoding=\"async\" class=\"aligncenter wp-image-4168 size-medium\" src=\"https:\/\/mhamichiana.org\/wp-content\/uploads\/2025\/03\/CLICK-HERE-to-support-MHAM-today-300x150.png\" sizes=\"(max-width: 300px) 100vw, 300px\" srcset=\"https:\/\/mhamichiana.org\/wp-content\/uploads\/2025\/03\/CLICK-HERE-to-support-MHAM-today-300x150.png 300w, https:\/\/mhamichiana.org\/wp-content\/uploads\/2025\/03\/CLICK-HERE-to-support-MHAM-today-768x384.png 768w, https:\/\/mhamichiana.org\/wp-content\/uploads\/2025\/03\/CLICK-HERE-to-support-MHAM-today-18x9.png 18w, https:\/\/mhamichiana.org\/wp-content\/uploads\/2025\/03\/CLICK-HERE-to-support-MHAM-today.png 900w\" alt=\"Click here to support MHAM today!\" width=\"300\" height=\"150\" \/><\/a><\/p>\n<p><em><strong><br \/>\n<span style=\"color: #305988;\">Gracias<\/span><\/strong><\/em><span style=\"color: #305988;\">\u00a0Por formar parte de la familia MHAM y por hacer de la salud mental una prioridad en Michiana.<\/span><\/p>\n<p><span style=\"color: #305988;\"><em>\u00a0<\/em><\/span><\/p>\n<p>&nbsp;<\/p>\n<p><img fetchpriority=\"high\" decoding=\"async\" class=\"aligncenter size-large wp-image-3856\" src=\"https:\/\/mhamichiana.org\/wp-content\/uploads\/2025\/01\/Footer-for-Blog-Posts-2025-1024x273.png\" alt=\"Footer for Blog Posts 2025\" width=\"800\" height=\"213\" srcset=\"https:\/\/mhamichiana.org\/wp-content\/uploads\/2025\/01\/Footer-for-Blog-Posts-2025-1024x273.png 1024w, https:\/\/mhamichiana.org\/wp-content\/uploads\/2025\/01\/Footer-for-Blog-Posts-2025-300x80.png 300w, https:\/\/mhamichiana.org\/wp-content\/uploads\/2025\/01\/Footer-for-Blog-Posts-2025-768x205.png 768w, https:\/\/mhamichiana.org\/wp-content\/uploads\/2025\/01\/Footer-for-Blog-Posts-2025-18x5.png 18w, https:\/\/mhamichiana.org\/wp-content\/uploads\/2025\/01\/Footer-for-Blog-Posts-2025.png 1500w\" sizes=\"(max-width: 800px) 100vw, 800px\" \/><\/p>","protected":false},"excerpt":{"rendered":"<p>From Executive Director Lisa Kelly &nbsp; I am immensely proud to lead an organization dedicated to supporting the well-being of every person in our community. Our vision for a truly healthy community starts with eliminating stigma through prevention and education. That is why I want to speak directly about the transformative power of our Community [&hellip;]<\/p>\n","protected":false},"author":3,"featured_media":4700,"comment_status":"closed","ping_status":"open","sticky":false,"template":"","format":"standard","meta":{"_monsterinsights_skip_tracking":false,"_monsterinsights_sitenote_active":false,"_monsterinsights_sitenote_note":"","_monsterinsights_sitenote_category":0,"footnotes":""},"categories":[31],"tags":[33,32],"class_list":["post-4691","post","type-post","status-publish","format-standard","has-post-thumbnail","hentry","category-from-the-executive-director","tag-classes","tag-mental-health-literacy"],"yoast_head":"<!-- This site is optimized with the Yoast SEO plugin v27.4 - https:\/\/yoast.com\/product\/yoast-seo-wordpress\/ -->\n<title>A More Resilient Community: Why Mental Health Literacy is Our Best Investment - Mental Health Awareness of Michiana<\/title>\n<meta name=\"robots\" content=\"index, follow, max-snippet:-1, max-image-preview:large, max-video-preview:-1\" \/>\n<link rel=\"canonical\" href=\"https:\/\/mhamichiana.org\/es\/mental-health-literacy\/\" \/>\n<meta property=\"og:locale\" content=\"es_MX\" \/>\n<meta property=\"og:type\" content=\"article\" \/>\n<meta property=\"og:title\" content=\"A More Resilient Community: Why Mental Health Literacy is Our Best Investment - Mental Health Awareness of Michiana\" \/>\n<meta property=\"og:description\" content=\"From Executive Director Lisa Kelly &nbsp; I am immensely proud to lead an organization dedicated to supporting the well-being of every person in our community. Our vision for a truly healthy community starts with eliminating stigma through prevention and education. That is why I want to speak directly about the transformative power of our Community [&hellip;]\" \/>\n<meta property=\"og:url\" content=\"https:\/\/mhamichiana.org\/es\/mental-health-literacy\/\" \/>\n<meta property=\"og:site_name\" content=\"Mental Health Awareness of Michiana\" \/>\n<meta property=\"article:published_time\" content=\"2025-12-08T16:25:14+00:00\" \/>\n<meta property=\"article:modified_time\" content=\"2026-04-27T06:23:18+00:00\" \/>\n<meta property=\"og:image\" content=\"https:\/\/mhamichiana.org\/wp-content\/uploads\/2025\/12\/Mental-Health-Literacy-Classes-blog-header-image.png\" \/>\n\t<meta property=\"og:image:width\" content=\"2160\" \/>\n\t<meta property=\"og:image:height\" content=\"1125\" \/>\n\t<meta property=\"og:image:type\" content=\"image\/png\" \/>\n<meta name=\"author\" content=\"MHAM\" \/>\n<meta name=\"twitter:card\" content=\"summary_large_image\" \/>\n<meta name=\"twitter:label1\" content=\"Escrito por\" \/>\n\t<meta name=\"twitter:data1\" content=\"MHAM\" \/>\n\t<meta name=\"twitter:label2\" content=\"Tiempo de lectura\" \/>\n\t<meta name=\"twitter:data2\" content=\"3 minutos\" \/>\n<script type=\"application\/ld+json\" class=\"yoast-schema-graph\">{\"@context\":\"https:\\\/\\\/schema.org\",\"@graph\":[{\"@type\":\"Article\",\"@id\":\"https:\\\/\\\/mhamichiana.org\\\/mental-health-literacy\\\/#article\",\"isPartOf\":{\"@id\":\"https:\\\/\\\/mhamichiana.org\\\/mental-health-literacy\\\/\"},\"author\":{\"name\":\"MHAM\",\"@id\":\"https:\\\/\\\/mhamichiana.org\\\/#\\\/schema\\\/person\\\/188e5522ae3b2fb33b4259619d254ff5\"},\"headline\":\"A More Resilient Community: Why Mental Health Literacy is Our Best Investment\",\"datePublished\":\"2025-12-08T16:25:14+00:00\",\"dateModified\":\"2026-04-27T06:23:18+00:00\",\"mainEntityOfPage\":{\"@id\":\"https:\\\/\\\/mhamichiana.org\\\/mental-health-literacy\\\/\"},\"wordCount\":580,\"publisher\":{\"@id\":\"https:\\\/\\\/mhamichiana.org\\\/#organization\"},\"image\":{\"@id\":\"https:\\\/\\\/mhamichiana.org\\\/mental-health-literacy\\\/#primaryimage\"},\"thumbnailUrl\":\"https:\\\/\\\/mhamichiana.org\\\/wp-content\\\/uploads\\\/2025\\\/12\\\/Mental-Health-Literacy-Classes-blog-header-image.png\",\"keywords\":[\"Classes\",\"Mental health literacy\"],\"articleSection\":[\"From the Executive Director\"],\"inLanguage\":\"es\"},{\"@type\":\"WebPage\",\"@id\":\"https:\\\/\\\/mhamichiana.org\\\/mental-health-literacy\\\/\",\"url\":\"https:\\\/\\\/mhamichiana.org\\\/mental-health-literacy\\\/\",\"name\":\"A More Resilient Community: Why Mental Health Literacy is Our Best Investment - Mental Health Awareness of Michiana\",\"isPartOf\":{\"@id\":\"https:\\\/\\\/mhamichiana.org\\\/#website\"},\"primaryImageOfPage\":{\"@id\":\"https:\\\/\\\/mhamichiana.org\\\/mental-health-literacy\\\/#primaryimage\"},\"image\":{\"@id\":\"https:\\\/\\\/mhamichiana.org\\\/mental-health-literacy\\\/#primaryimage\"},\"thumbnailUrl\":\"https:\\\/\\\/mhamichiana.org\\\/wp-content\\\/uploads\\\/2025\\\/12\\\/Mental-Health-Literacy-Classes-blog-header-image.png\",\"datePublished\":\"2025-12-08T16:25:14+00:00\",\"dateModified\":\"2026-04-27T06:23:18+00:00\",\"breadcrumb\":{\"@id\":\"https:\\\/\\\/mhamichiana.org\\\/mental-health-literacy\\\/#breadcrumb\"},\"inLanguage\":\"es\",\"potentialAction\":[{\"@type\":\"ReadAction\",\"target\":[\"https:\\\/\\\/mhamichiana.org\\\/mental-health-literacy\\\/\"]}]},{\"@type\":\"ImageObject\",\"inLanguage\":\"es\",\"@id\":\"https:\\\/\\\/mhamichiana.org\\\/mental-health-literacy\\\/#primaryimage\",\"url\":\"https:\\\/\\\/mhamichiana.org\\\/wp-content\\\/uploads\\\/2025\\\/12\\\/Mental-Health-Literacy-Classes-blog-header-image.png\",\"contentUrl\":\"https:\\\/\\\/mhamichiana.org\\\/wp-content\\\/uploads\\\/2025\\\/12\\\/Mental-Health-Literacy-Classes-blog-header-image.png\",\"width\":2160,\"height\":1125,\"caption\":\"MHAM Mental Health Literacy Classes blog header\"},{\"@type\":\"BreadcrumbList\",\"@id\":\"https:\\\/\\\/mhamichiana.org\\\/mental-health-literacy\\\/#breadcrumb\",\"itemListElement\":[{\"@type\":\"ListItem\",\"position\":1,\"name\":\"Home\",\"item\":\"https:\\\/\\\/mhamichiana.org\\\/\"},{\"@type\":\"ListItem\",\"position\":2,\"name\":\"A More Resilient Community: Why Mental Health Literacy is Our Best Investment\"}]},{\"@type\":\"WebSite\",\"@id\":\"https:\\\/\\\/mhamichiana.org\\\/#website\",\"url\":\"https:\\\/\\\/mhamichiana.org\\\/\",\"name\":\"Mental Health Awareness of Michiana\",\"description\":\"Eliminate Stigma, Build Collaboration, Ensure Access to Care\",\"publisher\":{\"@id\":\"https:\\\/\\\/mhamichiana.org\\\/#organization\"},\"potentialAction\":[{\"@type\":\"SearchAction\",\"target\":{\"@type\":\"EntryPoint\",\"urlTemplate\":\"https:\\\/\\\/mhamichiana.org\\\/?s={search_term_string}\"},\"query-input\":{\"@type\":\"PropertyValueSpecification\",\"valueRequired\":true,\"valueName\":\"search_term_string\"}}],\"inLanguage\":\"es\"},{\"@type\":\"Organization\",\"@id\":\"https:\\\/\\\/mhamichiana.org\\\/#organization\",\"name\":\"Mental Health Awareness of Michiana\",\"url\":\"https:\\\/\\\/mhamichiana.org\\\/\",\"logo\":{\"@type\":\"ImageObject\",\"inLanguage\":\"es\",\"@id\":\"https:\\\/\\\/mhamichiana.org\\\/#\\\/schema\\\/logo\\\/image\\\/\",\"url\":\"https:\\\/\\\/mhamichiana.org\\\/wp-content\\\/uploads\\\/2024\\\/12\\\/MHAM-MHA-White-1.png\",\"contentUrl\":\"https:\\\/\\\/mhamichiana.org\\\/wp-content\\\/uploads\\\/2024\\\/12\\\/MHAM-MHA-White-1.png\",\"width\":2560,\"height\":427,\"caption\":\"Mental Health Awareness of Michiana\"},\"image\":{\"@id\":\"https:\\\/\\\/mhamichiana.org\\\/#\\\/schema\\\/logo\\\/image\\\/\"}},{\"@type\":\"Person\",\"@id\":\"https:\\\/\\\/mhamichiana.org\\\/#\\\/schema\\\/person\\\/188e5522ae3b2fb33b4259619d254ff5\",\"name\":\"MHAM\",\"image\":{\"@type\":\"ImageObject\",\"inLanguage\":\"es\",\"@id\":\"https:\\\/\\\/secure.gravatar.com\\\/avatar\\\/fa319975a97d8a1a8d1eabfb8ba3369c2a600df01452f041044fc83fb35103db?s=96&d=mm&r=g\",\"url\":\"https:\\\/\\\/secure.gravatar.com\\\/avatar\\\/fa319975a97d8a1a8d1eabfb8ba3369c2a600df01452f041044fc83fb35103db?s=96&d=mm&r=g\",\"contentUrl\":\"https:\\\/\\\/secure.gravatar.com\\\/avatar\\\/fa319975a97d8a1a8d1eabfb8ba3369c2a600df01452f041044fc83fb35103db?s=96&d=mm&r=g\",\"caption\":\"MHAM\"},\"sameAs\":[\"http:\\\/\\\/mhamichiana.org\"],\"url\":\"https:\\\/\\\/mhamichiana.org\\\/es\\\/author\\\/emily\\\/\"}]}<\/script>\n<!-- \/ Yoast SEO plugin. -->","yoast_head_json":{"title":"Una comunidad m\u00e1s resiliente: Por qu\u00e9 la alfabetizaci\u00f3n en salud mental es nuestra mejor inversi\u00f3n - Concientizaci\u00f3n sobre la salud mental de Michiana","robots":{"index":"index","follow":"follow","max-snippet":"max-snippet:-1","max-image-preview":"max-image-preview:large","max-video-preview":"max-video-preview:-1"},"canonical":"https:\/\/mhamichiana.org\/es\/mental-health-literacy\/","og_locale":"es_MX","og_type":"article","og_title":"A More Resilient Community: Why Mental Health Literacy is Our Best Investment - Mental Health Awareness of Michiana","og_description":"From Executive Director Lisa Kelly &nbsp; I am immensely proud to lead an organization dedicated to supporting the well-being of every person in our community. Our vision for a truly healthy community starts with eliminating stigma through prevention and education. That is why I want to speak directly about the transformative power of our Community [&hellip;]","og_url":"https:\/\/mhamichiana.org\/es\/mental-health-literacy\/","og_site_name":"Mental Health Awareness of Michiana","article_published_time":"2025-12-08T16:25:14+00:00","article_modified_time":"2026-04-27T06:23:18+00:00","og_image":[{"width":2160,"height":1125,"url":"https:\/\/mhamichiana.org\/wp-content\/uploads\/2025\/12\/Mental-Health-Literacy-Classes-blog-header-image.png","type":"image\/png"}],"author":"MHAM","twitter_card":"summary_large_image","twitter_misc":{"Escrito por":"MHAM","Tiempo de lectura":"3 minutos"},"schema":{"@context":"https:\/\/schema.org","@graph":[{"@type":"Article","@id":"https:\/\/mhamichiana.org\/mental-health-literacy\/#article","isPartOf":{"@id":"https:\/\/mhamichiana.org\/mental-health-literacy\/"},"author":{"name":"MHAM","@id":"https:\/\/mhamichiana.org\/#\/schema\/person\/188e5522ae3b2fb33b4259619d254ff5"},"headline":"A More Resilient Community: Why Mental Health Literacy is Our Best Investment","datePublished":"2025-12-08T16:25:14+00:00","dateModified":"2026-04-27T06:23:18+00:00","mainEntityOfPage":{"@id":"https:\/\/mhamichiana.org\/mental-health-literacy\/"},"wordCount":580,"publisher":{"@id":"https:\/\/mhamichiana.org\/#organization"},"image":{"@id":"https:\/\/mhamichiana.org\/mental-health-literacy\/#primaryimage"},"thumbnailUrl":"https:\/\/mhamichiana.org\/wp-content\/uploads\/2025\/12\/Mental-Health-Literacy-Classes-blog-header-image.png","keywords":["Classes","Mental health literacy"],"articleSection":["From the Executive Director"],"inLanguage":"es"},{"@type":"WebPage","@id":"https:\/\/mhamichiana.org\/mental-health-literacy\/","url":"https:\/\/mhamichiana.org\/mental-health-literacy\/","name":"Una comunidad m\u00e1s resiliente: Por qu\u00e9 la alfabetizaci\u00f3n en salud mental es nuestra mejor inversi\u00f3n - Concientizaci\u00f3n sobre la salud mental de Michiana","isPartOf":{"@id":"https:\/\/mhamichiana.org\/#website"},"primaryImageOfPage":{"@id":"https:\/\/mhamichiana.org\/mental-health-literacy\/#primaryimage"},"image":{"@id":"https:\/\/mhamichiana.org\/mental-health-literacy\/#primaryimage"},"thumbnailUrl":"https:\/\/mhamichiana.org\/wp-content\/uploads\/2025\/12\/Mental-Health-Literacy-Classes-blog-header-image.png","datePublished":"2025-12-08T16:25:14+00:00","dateModified":"2026-04-27T06:23:18+00:00","breadcrumb":{"@id":"https:\/\/mhamichiana.org\/mental-health-literacy\/#breadcrumb"},"inLanguage":"es","potentialAction":[{"@type":"ReadAction","target":["https:\/\/mhamichiana.org\/mental-health-literacy\/"]}]},{"@type":"ImageObject","inLanguage":"es","@id":"https:\/\/mhamichiana.org\/mental-health-literacy\/#primaryimage","url":"https:\/\/mhamichiana.org\/wp-content\/uploads\/2025\/12\/Mental-Health-Literacy-Classes-blog-header-image.png","contentUrl":"https:\/\/mhamichiana.org\/wp-content\/uploads\/2025\/12\/Mental-Health-Literacy-Classes-blog-header-image.png","width":2160,"height":1125,"caption":"MHAM Mental Health Literacy Classes blog header"},{"@type":"BreadcrumbList","@id":"https:\/\/mhamichiana.org\/mental-health-literacy\/#breadcrumb","itemListElement":[{"@type":"ListItem","position":1,"name":"Home","item":"https:\/\/mhamichiana.org\/"},{"@type":"ListItem","position":2,"name":"A More Resilient Community: Why Mental Health Literacy is Our Best Investment"}]},{"@type":"WebSite","@id":"https:\/\/mhamichiana.org\/#website","url":"https:\/\/mhamichiana.org\/","name":"Concientizaci\u00f3n sobre la salud mental en Michiana","description":"Eliminar el estigma, fomentar la colaboraci\u00f3n y garantizar el acceso a la atenci\u00f3n m\u00e9dica.","publisher":{"@id":"https:\/\/mhamichiana.org\/#organization"},"potentialAction":[{"@type":"SearchAction","target":{"@type":"EntryPoint","urlTemplate":"https:\/\/mhamichiana.org\/?s={search_term_string}"},"query-input":{"@type":"PropertyValueSpecification","valueRequired":true,"valueName":"search_term_string"}}],"inLanguage":"es"},{"@type":"Organization","@id":"https:\/\/mhamichiana.org\/#organization","name":"Concientizaci\u00f3n sobre la salud mental en Michiana","url":"https:\/\/mhamichiana.org\/","logo":{"@type":"ImageObject","inLanguage":"es","@id":"https:\/\/mhamichiana.org\/#\/schema\/logo\/image\/","url":"https:\/\/mhamichiana.org\/wp-content\/uploads\/2024\/12\/MHAM-MHA-White-1.png","contentUrl":"https:\/\/mhamichiana.org\/wp-content\/uploads\/2024\/12\/MHAM-MHA-White-1.png","width":2560,"height":427,"caption":"Mental Health Awareness of Michiana"},"image":{"@id":"https:\/\/mhamichiana.org\/#\/schema\/logo\/image\/"}},{"@type":"Person","@id":"https:\/\/mhamichiana.org\/#\/schema\/person\/188e5522ae3b2fb33b4259619d254ff5","name":"MHAM","image":{"@type":"ImageObject","inLanguage":"es","@id":"https:\/\/secure.gravatar.com\/avatar\/fa319975a97d8a1a8d1eabfb8ba3369c2a600df01452f041044fc83fb35103db?s=96&d=mm&r=g","url":"https:\/\/secure.gravatar.com\/avatar\/fa319975a97d8a1a8d1eabfb8ba3369c2a600df01452f041044fc83fb35103db?s=96&d=mm&r=g","contentUrl":"https:\/\/secure.gravatar.com\/avatar\/fa319975a97d8a1a8d1eabfb8ba3369c2a600df01452f041044fc83fb35103db?s=96&d=mm&r=g","caption":"MHAM"},"sameAs":["http:\/\/mhamichiana.org"],"url":"https:\/\/mhamichiana.org\/es\/author\/emily\/"}]}},"_links":{"self":[{"href":"https:\/\/mhamichiana.org\/es\/wp-json\/wp\/v2\/posts\/4691","targetHints":{"allow":["GET"]}}],"collection":[{"href":"https:\/\/mhamichiana.org\/es\/wp-json\/wp\/v2\/posts"}],"about":[{"href":"https:\/\/mhamichiana.org\/es\/wp-json\/wp\/v2\/types\/post"}],"author":[{"embeddable":true,"href":"https:\/\/mhamichiana.org\/es\/wp-json\/wp\/v2\/users\/3"}],"replies":[{"embeddable":true,"href":"https:\/\/mhamichiana.org\/es\/wp-json\/wp\/v2\/comments?post=4691"}],"version-history":[{"count":10,"href":"https:\/\/mhamichiana.org\/es\/wp-json\/wp\/v2\/posts\/4691\/revisions"}],"predecessor-version":[{"id":4698,"href":"https:\/\/mhamichiana.org\/es\/wp-json\/wp\/v2\/posts\/4691\/revisions\/4698"}],"wp:featuredmedia":[{"embeddable":true,"href":"https:\/\/mhamichiana.org\/es\/wp-json\/wp\/v2\/media\/4700"}],"wp:attachment":[{"href":"https:\/\/mhamichiana.org\/es\/wp-json\/wp\/v2\/media?parent=4691"}],"wp:term":[{"taxonomy":"category","embeddable":true,"href":"https:\/\/mhamichiana.org\/es\/wp-json\/wp\/v2\/categories?post=4691"},{"taxonomy":"post_tag","embeddable":true,"href":"https:\/\/mhamichiana.org\/es\/wp-json\/wp\/v2\/tags?post=4691"}],"curies":[{"name":"wp","href":"https:\/\/api.w.org\/{rel}","templated":true}]}}