{"id":4659,"date":"2025-12-01T14:21:16","date_gmt":"2025-12-01T19:21:16","guid":{"rendered":"https:\/\/mhamichiana.org\/?p=4659"},"modified":"2026-04-27T02:23:19","modified_gmt":"2026-04-27T06:23:19","slug":"a-journey-of-the-mind-the-healing-power-of-visual-expression","status":"publish","type":"post","link":"https:\/\/mhamichiana.org\/es\/a-journey-of-the-mind-the-healing-power-of-visual-expression\/","title":{"rendered":"Un viaje de la mente: El poder curativo de la expresi\u00f3n visual"},"content":{"rendered":"<h4 style=\"text-align: center;\"><span style=\"color: #305988;\"><em>De la directora ejecutiva Lisa Kelly<\/em><\/span><\/h4>\n<p><span style=\"color: #305988;\"><span style=\"font-weight: 400;\"><br \/>\nLa innovaci\u00f3n y el compromiso con prop\u00f3sito son valores clave de Mental Health Awareness of Michiana (MHAM). En 2025, estos valores se reflejaron en el lanzamiento de nuestra primera campa\u00f1a. <\/span><a href=\"https:\/\/www.facebook.com\/photo\/?fbid=952066970391145&amp;set=a.569068678690978\"><span style=\"color: #f95d62;\"><b>\u201cViaje de la mente a trav\u00e9s de la expresi\u00f3n art\u00edstica visual\u201d<\/b><\/span><\/a><span style=\"font-weight: 400;\"> exposici\u00f3n. Esta colecci\u00f3n de obras trascendi\u00f3 la mera est\u00e9tica y se adentr\u00f3 en la esencia misma de la experiencia humana.<\/span><\/span><\/p>\n<p><span style=\"color: #305988;\"><span style=\"font-weight: 400;\">Esta exposici\u00f3n es m\u00e1s que una muestra de talento; es un tapiz tejido con los hilos de la lucha personal, la resiliencia y la sanaci\u00f3n final. Cada pintura, escultura y fotograf\u00eda representa un viaje profundamente personal, un testimonio de lo incre\u00edble y a menudo pasado por alto, <\/span><b>El poder del arte para sanar<\/b><span style=\"font-weight: 400;\">.<\/span><\/span><\/p>\n<p><span style=\"color: #00b4bc;\"><b>El di\u00e1logo t\u00e1cito<\/b><\/span><\/p>\n<p><span style=\"font-weight: 400; color: #305988;\">En nuestro mundo cada vez m\u00e1s complejo y acelerado, la presi\u00f3n sobre nuestro bienestar mental y emocional es mayor que nunca. A veces, las palabras nos fallan. \u00bfC\u00f3mo expresar el peso abrumador de la ansiedad, la niebla aislante de la depresi\u00f3n o el lento y arduo proceso de recuperaci\u00f3n?<\/span><\/p>\n<p><span style=\"font-weight: 400; color: #305988;\"><strong>Aqu\u00ed es donde entra en juego la expresi\u00f3n art\u00edstica visual.<\/strong>, Ofreciendo un lenguaje universal que trasciende las limitaciones del habla. Los artistas que participan en esta exposici\u00f3n \u2014muchos de los cuales han utilizado el proceso creativo como una herramienta directa para el bienestar mental y emocional\u2014 han encontrado en su obra una forma vital de autodescubrimiento y autoexpresi\u00f3n.<\/span><\/p>\n<p><span style=\"color: #305988;\"><span style=\"font-weight: 400;\">De un participante de 2025, <\/span><span style=\"color: #97a926;\"><i><span style=\"font-weight: 400;\">\u201cGracias por toda la amabilidad, la comprensi\u00f3n y la plataforma para compartir mi trabajo y mi experiencia de arteterapia\/sanaci\u00f3n con otras personas que han vivido experiencias incre\u00edbles con las que identificarme y conectar. Y tambi\u00e9n por la oportunidad de conectar con defensores de la salud mental. Esta ha sido una de las mejores convocatorias que he recibido. Me sent\u00eda sola y necesitaba esto.\u201d<\/span><\/i><\/span><\/span><\/p>\n<p><img fetchpriority=\"high\" decoding=\"async\" class=\"aligncenter size-large wp-image-4663\" src=\"https:\/\/mhamichiana.org\/wp-content\/uploads\/2025\/12\/Journey-of-the-Mind-2025-collage-1024x284.png\" alt=\"Journey of the Mind 2025 collage\" width=\"800\" height=\"222\" srcset=\"https:\/\/mhamichiana.org\/wp-content\/uploads\/2025\/12\/Journey-of-the-Mind-2025-collage-1024x284.png 1024w, https:\/\/mhamichiana.org\/wp-content\/uploads\/2025\/12\/Journey-of-the-Mind-2025-collage-300x83.png 300w, https:\/\/mhamichiana.org\/wp-content\/uploads\/2025\/12\/Journey-of-the-Mind-2025-collage-768x213.png 768w, https:\/\/mhamichiana.org\/wp-content\/uploads\/2025\/12\/Journey-of-the-Mind-2025-collage-1536x426.png 1536w, https:\/\/mhamichiana.org\/wp-content\/uploads\/2025\/12\/Journey-of-the-Mind-2025-collage-2048x568.png 2048w, https:\/\/mhamichiana.org\/wp-content\/uploads\/2025\/12\/Journey-of-the-Mind-2025-collage-18x5.png 18w\" sizes=\"(max-width: 800px) 100vw, 800px\" \/><\/p>\n<p><span style=\"color: #00b4bc;\"><b>La perspectiva del director ejecutivo: Una creencia en la transformaci\u00f3n<\/b><\/span><\/p>\n<p><span style=\"color: #305988;\"><span style=\"font-weight: 400;\">En MHAM, nuestras iniciativas reflejan la creencia de que existen m\u00faltiples caminos hacia una comunidad sana y pr\u00f3spera. Las piezas presentadas y los viajes de sanaci\u00f3n de los artistas de nuestra exposici\u00f3n inaugural son profundos recordatorios de que el verdadero valor del arte no reside solo en lo que crea, sino en lo que transmite. <\/span><i><span style=\"font-weight: 400;\">permite<\/span><\/i><span style=\"font-weight: 400;\">.<\/span><\/span><\/p>\n<ul>\n<li style=\"font-weight: 400;\" aria-level=\"1\"><span style=\"color: #305988;\"><span style=\"color: #ff9f37;\"><b>Facilitando el autodescubrimiento:<\/b><\/span><span style=\"font-weight: 400;\"> Mediante la cuidadosa elecci\u00f3n del color, la l\u00ednea y la forma, los artistas dan forma a sentimientos abstractos y encuentran claridad en el caos.<\/span><\/span><\/li>\n<li style=\"font-weight: 400;\" aria-level=\"1\"><span style=\"color: #305988;\"><span style=\"color: #ff9f37;\"><b>Habilitando la conexi\u00f3n:<\/b><\/span><span style=\"font-weight: 400;\"> Al compartir estas expresiones vulnerables y honestas, los artistas derriban las barreras del estigma que rodean la salud mental. Su valent\u00eda permite que los espectadores vean reflejadas sus propias luchas, fomentando la empat\u00eda y reduciendo el aislamiento.<\/span><\/span><\/li>\n<li style=\"font-weight: 400;\" aria-level=\"1\"><span style=\"color: #305988;\"><span style=\"color: #ff9f37;\"><b>Fomentando la esperanza:<\/b><\/span><span style=\"font-weight: 400;\"> Las obras finales no son meros testimonios de lucha; son s\u00edmbolos de progreso. Representan un acto terap\u00e9utico: un proceso que transforma el dolor en algo bello, demostrando que la sanaci\u00f3n es posible.<\/span><\/span><\/li>\n<\/ul>\n<p><span style=\"font-weight: 400; color: #305988;\">Ya sea que env\u00ede su trabajo o <span style=\"color: #f95d62;\"><a style=\"color: #f95d62;\" href=\"https:\/\/mhamichiana.org\/es\/event\/mham-2026-journey-of-the-mind\/\"><strong>Asista a la exposici\u00f3n en 2026.<\/strong><\/a><\/span>, Les animo a que hagan una pausa, a que observen con atenci\u00f3n y a que permitan que la obra de arte hable a su mente y a su coraz\u00f3n.\u00a0<\/span><\/p>\n<p><span style=\"color: #00b4bc;\"><b>M\u00e1s all\u00e1 de las paredes de la galer\u00eda<\/b><\/span><\/p>\n<p><span style=\"font-weight: 400; color: #305988;\">Gracias a los talentosos artistas por compartir sus experiencias y gracias a nuestra comunidad por apoyar un espacio donde se celebra la vulnerabilidad y se visibiliza la sanaci\u00f3n.<\/p>\n<p>Si te sientes motivado a apoyar oportunidades como esta, considera contribuir a nuestro <span style=\"color: #f95d62;\"><a style=\"color: #f95d62;\" href=\"https:\/\/mentalhealthawarenessmichiana.givingfuel.com\/2025-end-of-year-campaign-\"><strong>Campa\u00f1a de fin de a\u00f1o<\/strong><\/a><\/span>, Estos fondos se destinan a programas como este, as\u00ed como a eventos educativos, asesoramiento gratuito y a iniciativas para mejorar el conocimiento y el acceso a la salud mental en toda la regi\u00f3n de Michiana. \u00a1Cada muestra de apoyo beneficia a la comunidad en general y se agradece enormemente!<\/span><\/p>\n<p>&nbsp;<\/p>\n<p><span style=\"font-weight: 400; color: #305988;\">Atentamente,<\/span><\/p>\n<p><span style=\"color: #975381;\"><b>Lisa Kelly<\/b><\/span><\/p>\n<p><em><span style=\"font-weight: 400; color: #305988;\">Directora Ejecutiva de la organizaci\u00f3n Mental Health Awareness of Michiana (MHAM)<\/span><\/em><\/p>\n<p>&nbsp;<\/p>\n<p><span style=\"font-weight: 400; color: #305988;\">\u00a0<\/span><\/p>\n<h3 style=\"text-align: center;\"><span style=\"color: #305988;\"><strong><a href=\"https:\/\/mhamichiana.org\/es\/event\/mham-2026-journey-of-the-mind\/\"><span style=\"color: #f95d62;\">Viaje de la mente a trav\u00e9s de la expresi\u00f3n art\u00edstica visual<\/span><\/a><br \/>\n<\/strong><i><br \/>\nPlazo de presentaci\u00f3n: del 1 de diciembre de 2025 al 16 de enero de 2026.<\/i><\/span><\/h3>\n<p>&nbsp;<\/p>\n<p><span style=\"color: #305988;\"><a style=\"color: #305988;\" href=\"https:\/\/www.jotform.com\/form\/252745526097162\"><img decoding=\"async\" class=\"aligncenter wp-image-4138 size-full\" src=\"https:\/\/mhamichiana.org\/wp-content\/uploads\/2025\/03\/Click-Here-to-Register.png\" sizes=\"(max-width: 400px) 100vw, 400px\" srcset=\"https:\/\/mhamichiana.org\/wp-content\/uploads\/2025\/03\/Click-Here-to-Register.png 400w, https:\/\/mhamichiana.org\/wp-content\/uploads\/2025\/03\/Click-Here-to-Register-300x150.png 300w, https:\/\/mhamichiana.org\/wp-content\/uploads\/2025\/03\/Click-Here-to-Register-18x9.png 18w\" alt=\"Click Here to Register\" width=\"400\" height=\"200\" \/><\/a><\/span><\/p>\n<p>&nbsp;<\/p>\n<hr \/>\n<p><span style=\"font-weight: 400; color: #305988;\"><br \/>\n<img decoding=\"async\" class=\"aligncenter size-large wp-image-3856\" src=\"https:\/\/mhamichiana.org\/wp-content\/uploads\/2025\/01\/Footer-for-Blog-Posts-2025-1024x273.png\" alt=\"Footer for Blog Posts 2025\" width=\"800\" height=\"213\" srcset=\"https:\/\/mhamichiana.org\/wp-content\/uploads\/2025\/01\/Footer-for-Blog-Posts-2025-1024x273.png 1024w, https:\/\/mhamichiana.org\/wp-content\/uploads\/2025\/01\/Footer-for-Blog-Posts-2025-300x80.png 300w, https:\/\/mhamichiana.org\/wp-content\/uploads\/2025\/01\/Footer-for-Blog-Posts-2025-768x205.png 768w, https:\/\/mhamichiana.org\/wp-content\/uploads\/2025\/01\/Footer-for-Blog-Posts-2025-18x5.png 18w, https:\/\/mhamichiana.org\/wp-content\/uploads\/2025\/01\/Footer-for-Blog-Posts-2025.png 1500w\" sizes=\"(max-width: 800px) 100vw, 800px\" \/><br \/>\n<\/span><\/p>","protected":false},"excerpt":{"rendered":"<p>From Executive Director Lisa Kelly Innovation and Purposeful Engagement are key values of Mental Health Awareness of Michiana (MHAM).\u00a0 In 2025, these values were reflected as we launched the inaugural &#8220;Journey of the Mind Through Visual Artistic Expression&#8221; exhibit.\u00a0 This collection of work transcended mere aesthetics and dove into the very core of human experience. [&hellip;]<\/p>\n","protected":false},"author":3,"featured_media":4665,"comment_status":"closed","ping_status":"open","sticky":false,"template":"","format":"standard","meta":{"_monsterinsights_skip_tracking":false,"_monsterinsights_sitenote_active":false,"_monsterinsights_sitenote_note":"","_monsterinsights_sitenote_category":0,"footnotes":""},"categories":[31],"tags":[],"class_list":["post-4659","post","type-post","status-publish","format-standard","has-post-thumbnail","hentry","category-from-the-executive-director"],"yoast_head":"<!-- This site is optimized with the Yoast SEO plugin v27.4 - https:\/\/yoast.com\/product\/yoast-seo-wordpress\/ -->\n<title>A Journey of the Mind: The Healing Power of Visual Expression - Mental Health Awareness of Michiana<\/title>\n<meta name=\"description\" content=\"In our increasingly complex and fast-paced world, the pressures on our mental and emotional well-being are greater than ever. Sometimes, words fail us. How do you articulate the crushing weight of anxiety, the isolating fog of depression, or the slow, painstaking process of recovery?\" \/>\n<meta name=\"robots\" content=\"index, follow, max-snippet:-1, max-image-preview:large, max-video-preview:-1\" \/>\n<link rel=\"canonical\" href=\"https:\/\/mhamichiana.org\/es\/a-journey-of-the-mind-the-healing-power-of-visual-expression\/\" \/>\n<meta property=\"og:locale\" content=\"es_MX\" \/>\n<meta property=\"og:type\" content=\"article\" \/>\n<meta property=\"og:title\" content=\"A Journey of the Mind: The Healing Power of Visual Expression - Mental Health Awareness of Michiana\" \/>\n<meta property=\"og:description\" content=\"In our increasingly complex and fast-paced world, the pressures on our mental and emotional well-being are greater than ever. Sometimes, words fail us. How do you articulate the crushing weight of anxiety, the isolating fog of depression, or the slow, painstaking process of recovery?\" \/>\n<meta property=\"og:url\" content=\"https:\/\/mhamichiana.org\/es\/a-journey-of-the-mind-the-healing-power-of-visual-expression\/\" \/>\n<meta property=\"og:site_name\" content=\"Mental Health Awareness of Michiana\" \/>\n<meta property=\"article:published_time\" content=\"2025-12-01T19:21:16+00:00\" \/>\n<meta property=\"article:modified_time\" content=\"2026-04-27T06:23:19+00:00\" \/>\n<meta property=\"og:image\" content=\"https:\/\/mhamichiana.org\/wp-content\/uploads\/2025\/12\/Journey-of-the-Mind-2026-blog-post-header-1024x488.png\" \/>\n\t<meta property=\"og:image:width\" content=\"1024\" \/>\n\t<meta property=\"og:image:height\" content=\"488\" \/>\n\t<meta property=\"og:image:type\" content=\"image\/png\" \/>\n<meta name=\"author\" content=\"MHAM\" \/>\n<meta name=\"twitter:card\" content=\"summary_large_image\" \/>\n<meta name=\"twitter:label1\" content=\"Escrito por\" \/>\n\t<meta name=\"twitter:data1\" content=\"MHAM\" \/>\n\t<meta name=\"twitter:label2\" content=\"Tiempo de lectura\" \/>\n\t<meta name=\"twitter:data2\" content=\"4 minutos\" \/>\n<script type=\"application\/ld+json\" class=\"yoast-schema-graph\">{\"@context\":\"https:\\\/\\\/schema.org\",\"@graph\":[{\"@type\":\"Article\",\"@id\":\"https:\\\/\\\/mhamichiana.org\\\/a-journey-of-the-mind-the-healing-power-of-visual-expression\\\/#article\",\"isPartOf\":{\"@id\":\"https:\\\/\\\/mhamichiana.org\\\/a-journey-of-the-mind-the-healing-power-of-visual-expression\\\/\"},\"author\":{\"name\":\"MHAM\",\"@id\":\"https:\\\/\\\/mhamichiana.org\\\/#\\\/schema\\\/person\\\/df99bf76434e5f057395f5e2a0159e1a\"},\"headline\":\"A Journey of the Mind: The Healing Power of Visual Expression\",\"datePublished\":\"2025-12-01T19:21:16+00:00\",\"dateModified\":\"2026-04-27T06:23:19+00:00\",\"mainEntityOfPage\":{\"@id\":\"https:\\\/\\\/mhamichiana.org\\\/a-journey-of-the-mind-the-healing-power-of-visual-expression\\\/\"},\"wordCount\":568,\"publisher\":{\"@id\":\"https:\\\/\\\/mhamichiana.org\\\/#organization\"},\"image\":{\"@id\":\"https:\\\/\\\/mhamichiana.org\\\/a-journey-of-the-mind-the-healing-power-of-visual-expression\\\/#primaryimage\"},\"thumbnailUrl\":\"https:\\\/\\\/mhamichiana.org\\\/wp-content\\\/uploads\\\/2025\\\/12\\\/Journey-of-the-Mind-2026-blog-post-header.png\",\"articleSection\":[\"From the Executive Director\"],\"inLanguage\":\"es\"},{\"@type\":\"WebPage\",\"@id\":\"https:\\\/\\\/mhamichiana.org\\\/a-journey-of-the-mind-the-healing-power-of-visual-expression\\\/\",\"url\":\"https:\\\/\\\/mhamichiana.org\\\/a-journey-of-the-mind-the-healing-power-of-visual-expression\\\/\",\"name\":\"A Journey of the Mind: The Healing Power of Visual Expression - Mental Health Awareness of Michiana\",\"isPartOf\":{\"@id\":\"https:\\\/\\\/mhamichiana.org\\\/#website\"},\"primaryImageOfPage\":{\"@id\":\"https:\\\/\\\/mhamichiana.org\\\/a-journey-of-the-mind-the-healing-power-of-visual-expression\\\/#primaryimage\"},\"image\":{\"@id\":\"https:\\\/\\\/mhamichiana.org\\\/a-journey-of-the-mind-the-healing-power-of-visual-expression\\\/#primaryimage\"},\"thumbnailUrl\":\"https:\\\/\\\/mhamichiana.org\\\/wp-content\\\/uploads\\\/2025\\\/12\\\/Journey-of-the-Mind-2026-blog-post-header.png\",\"datePublished\":\"2025-12-01T19:21:16+00:00\",\"dateModified\":\"2026-04-27T06:23:19+00:00\",\"description\":\"In our increasingly complex and fast-paced world, the pressures on our mental and emotional well-being are greater than ever. Sometimes, words fail us. How do you articulate the crushing weight of anxiety, the isolating fog of depression, or the slow, painstaking process of recovery?\",\"breadcrumb\":{\"@id\":\"https:\\\/\\\/mhamichiana.org\\\/a-journey-of-the-mind-the-healing-power-of-visual-expression\\\/#breadcrumb\"},\"inLanguage\":\"es\",\"potentialAction\":[{\"@type\":\"ReadAction\",\"target\":[\"https:\\\/\\\/mhamichiana.org\\\/a-journey-of-the-mind-the-healing-power-of-visual-expression\\\/\"]}]},{\"@type\":\"ImageObject\",\"inLanguage\":\"es\",\"@id\":\"https:\\\/\\\/mhamichiana.org\\\/a-journey-of-the-mind-the-healing-power-of-visual-expression\\\/#primaryimage\",\"url\":\"https:\\\/\\\/mhamichiana.org\\\/wp-content\\\/uploads\\\/2025\\\/12\\\/Journey-of-the-Mind-2026-blog-post-header.png\",\"contentUrl\":\"https:\\\/\\\/mhamichiana.org\\\/wp-content\\\/uploads\\\/2025\\\/12\\\/Journey-of-the-Mind-2026-blog-post-header.png\",\"width\":2400,\"height\":1144,\"caption\":\"Journey of the Mind blog post header\"},{\"@type\":\"BreadcrumbList\",\"@id\":\"https:\\\/\\\/mhamichiana.org\\\/a-journey-of-the-mind-the-healing-power-of-visual-expression\\\/#breadcrumb\",\"itemListElement\":[{\"@type\":\"ListItem\",\"position\":1,\"name\":\"Home\",\"item\":\"https:\\\/\\\/mhamichiana.org\\\/\"},{\"@type\":\"ListItem\",\"position\":2,\"name\":\"A Journey of the Mind: The Healing Power of Visual Expression\"}]},{\"@type\":\"WebSite\",\"@id\":\"https:\\\/\\\/mhamichiana.org\\\/#website\",\"url\":\"https:\\\/\\\/mhamichiana.org\\\/\",\"name\":\"Mental Health Awareness of Michiana\",\"description\":\"Eliminate Stigma, Build Collaboration, Ensure Access to Care\",\"publisher\":{\"@id\":\"https:\\\/\\\/mhamichiana.org\\\/#organization\"},\"potentialAction\":[{\"@type\":\"SearchAction\",\"target\":{\"@type\":\"EntryPoint\",\"urlTemplate\":\"https:\\\/\\\/mhamichiana.org\\\/?s={search_term_string}\"},\"query-input\":{\"@type\":\"PropertyValueSpecification\",\"valueRequired\":true,\"valueName\":\"search_term_string\"}}],\"inLanguage\":\"es\"},{\"@type\":\"Organization\",\"@id\":\"https:\\\/\\\/mhamichiana.org\\\/#organization\",\"name\":\"Mental Health Awareness of Michiana\",\"url\":\"https:\\\/\\\/mhamichiana.org\\\/\",\"logo\":{\"@type\":\"ImageObject\",\"inLanguage\":\"es\",\"@id\":\"https:\\\/\\\/mhamichiana.org\\\/#\\\/schema\\\/logo\\\/image\\\/\",\"url\":\"https:\\\/\\\/mhamichiana.org\\\/wp-content\\\/uploads\\\/2024\\\/12\\\/MHAM-MHA-White-1.png\",\"contentUrl\":\"https:\\\/\\\/mhamichiana.org\\\/wp-content\\\/uploads\\\/2024\\\/12\\\/MHAM-MHA-White-1.png\",\"width\":2560,\"height\":427,\"caption\":\"Mental Health Awareness of Michiana\"},\"image\":{\"@id\":\"https:\\\/\\\/mhamichiana.org\\\/#\\\/schema\\\/logo\\\/image\\\/\"}},{\"@type\":\"Person\",\"@id\":\"https:\\\/\\\/mhamichiana.org\\\/#\\\/schema\\\/person\\\/df99bf76434e5f057395f5e2a0159e1a\",\"name\":\"MHAM\",\"image\":{\"@type\":\"ImageObject\",\"inLanguage\":\"es\",\"@id\":\"https:\\\/\\\/secure.gravatar.com\\\/avatar\\\/fa319975a97d8a1a8d1eabfb8ba3369c2a600df01452f041044fc83fb35103db?s=96&d=mm&r=g\",\"url\":\"https:\\\/\\\/secure.gravatar.com\\\/avatar\\\/fa319975a97d8a1a8d1eabfb8ba3369c2a600df01452f041044fc83fb35103db?s=96&d=mm&r=g\",\"contentUrl\":\"https:\\\/\\\/secure.gravatar.com\\\/avatar\\\/fa319975a97d8a1a8d1eabfb8ba3369c2a600df01452f041044fc83fb35103db?s=96&d=mm&r=g\",\"caption\":\"MHAM\"},\"sameAs\":[\"http:\\\/\\\/mhamichiana.org\"],\"url\":\"https:\\\/\\\/mhamichiana.org\\\/es\\\/author\\\/emily\\\/\"}]}<\/script>\n<!-- \/ Yoast SEO plugin. -->","yoast_head_json":{"title":"Un viaje de la mente: El poder curativo de la expresi\u00f3n visual - Concientizaci\u00f3n sobre la salud mental de Michiana","description":"En nuestro mundo cada vez m\u00e1s complejo y acelerado, la presi\u00f3n sobre nuestro bienestar mental y emocional es mayor que nunca. A veces, las palabras nos fallan. \u00bfC\u00f3mo expresar el peso abrumador de la ansiedad, la niebla aislante de la depresi\u00f3n o el lento y arduo proceso de recuperaci\u00f3n?","robots":{"index":"index","follow":"follow","max-snippet":"max-snippet:-1","max-image-preview":"max-image-preview:large","max-video-preview":"max-video-preview:-1"},"canonical":"https:\/\/mhamichiana.org\/es\/a-journey-of-the-mind-the-healing-power-of-visual-expression\/","og_locale":"es_MX","og_type":"article","og_title":"A Journey of the Mind: The Healing Power of Visual Expression - Mental Health Awareness of Michiana","og_description":"In our increasingly complex and fast-paced world, the pressures on our mental and emotional well-being are greater than ever. Sometimes, words fail us. How do you articulate the crushing weight of anxiety, the isolating fog of depression, or the slow, painstaking process of recovery?","og_url":"https:\/\/mhamichiana.org\/es\/a-journey-of-the-mind-the-healing-power-of-visual-expression\/","og_site_name":"Mental Health Awareness of Michiana","article_published_time":"2025-12-01T19:21:16+00:00","article_modified_time":"2026-04-27T06:23:19+00:00","og_image":[{"width":1024,"height":488,"url":"https:\/\/mhamichiana.org\/wp-content\/uploads\/2025\/12\/Journey-of-the-Mind-2026-blog-post-header-1024x488.png","type":"image\/png"}],"author":"MHAM","twitter_card":"summary_large_image","twitter_misc":{"Escrito por":"MHAM","Tiempo de lectura":"4 minutos"},"schema":{"@context":"https:\/\/schema.org","@graph":[{"@type":"Article","@id":"https:\/\/mhamichiana.org\/a-journey-of-the-mind-the-healing-power-of-visual-expression\/#article","isPartOf":{"@id":"https:\/\/mhamichiana.org\/a-journey-of-the-mind-the-healing-power-of-visual-expression\/"},"author":{"name":"MHAM","@id":"https:\/\/mhamichiana.org\/#\/schema\/person\/df99bf76434e5f057395f5e2a0159e1a"},"headline":"A Journey of the Mind: The Healing Power of Visual Expression","datePublished":"2025-12-01T19:21:16+00:00","dateModified":"2026-04-27T06:23:19+00:00","mainEntityOfPage":{"@id":"https:\/\/mhamichiana.org\/a-journey-of-the-mind-the-healing-power-of-visual-expression\/"},"wordCount":568,"publisher":{"@id":"https:\/\/mhamichiana.org\/#organization"},"image":{"@id":"https:\/\/mhamichiana.org\/a-journey-of-the-mind-the-healing-power-of-visual-expression\/#primaryimage"},"thumbnailUrl":"https:\/\/mhamichiana.org\/wp-content\/uploads\/2025\/12\/Journey-of-the-Mind-2026-blog-post-header.png","articleSection":["From the Executive Director"],"inLanguage":"es"},{"@type":"WebPage","@id":"https:\/\/mhamichiana.org\/a-journey-of-the-mind-the-healing-power-of-visual-expression\/","url":"https:\/\/mhamichiana.org\/a-journey-of-the-mind-the-healing-power-of-visual-expression\/","name":"Un viaje de la mente: El poder curativo de la expresi\u00f3n visual - Concientizaci\u00f3n sobre la salud mental de Michiana","isPartOf":{"@id":"https:\/\/mhamichiana.org\/#website"},"primaryImageOfPage":{"@id":"https:\/\/mhamichiana.org\/a-journey-of-the-mind-the-healing-power-of-visual-expression\/#primaryimage"},"image":{"@id":"https:\/\/mhamichiana.org\/a-journey-of-the-mind-the-healing-power-of-visual-expression\/#primaryimage"},"thumbnailUrl":"https:\/\/mhamichiana.org\/wp-content\/uploads\/2025\/12\/Journey-of-the-Mind-2026-blog-post-header.png","datePublished":"2025-12-01T19:21:16+00:00","dateModified":"2026-04-27T06:23:19+00:00","description":"En nuestro mundo cada vez m\u00e1s complejo y acelerado, la presi\u00f3n sobre nuestro bienestar mental y emocional es mayor que nunca. A veces, las palabras nos fallan. \u00bfC\u00f3mo expresar el peso abrumador de la ansiedad, la niebla aislante de la depresi\u00f3n o el lento y arduo proceso de recuperaci\u00f3n?","breadcrumb":{"@id":"https:\/\/mhamichiana.org\/a-journey-of-the-mind-the-healing-power-of-visual-expression\/#breadcrumb"},"inLanguage":"es","potentialAction":[{"@type":"ReadAction","target":["https:\/\/mhamichiana.org\/a-journey-of-the-mind-the-healing-power-of-visual-expression\/"]}]},{"@type":"ImageObject","inLanguage":"es","@id":"https:\/\/mhamichiana.org\/a-journey-of-the-mind-the-healing-power-of-visual-expression\/#primaryimage","url":"https:\/\/mhamichiana.org\/wp-content\/uploads\/2025\/12\/Journey-of-the-Mind-2026-blog-post-header.png","contentUrl":"https:\/\/mhamichiana.org\/wp-content\/uploads\/2025\/12\/Journey-of-the-Mind-2026-blog-post-header.png","width":2400,"height":1144,"caption":"Journey of the Mind blog post header"},{"@type":"BreadcrumbList","@id":"https:\/\/mhamichiana.org\/a-journey-of-the-mind-the-healing-power-of-visual-expression\/#breadcrumb","itemListElement":[{"@type":"ListItem","position":1,"name":"Home","item":"https:\/\/mhamichiana.org\/"},{"@type":"ListItem","position":2,"name":"A Journey of the Mind: The Healing Power of Visual Expression"}]},{"@type":"WebSite","@id":"https:\/\/mhamichiana.org\/#website","url":"https:\/\/mhamichiana.org\/","name":"Concientizaci\u00f3n sobre la salud mental en Michiana","description":"Eliminar el estigma, fomentar la colaboraci\u00f3n y garantizar el acceso a la atenci\u00f3n m\u00e9dica.","publisher":{"@id":"https:\/\/mhamichiana.org\/#organization"},"potentialAction":[{"@type":"SearchAction","target":{"@type":"EntryPoint","urlTemplate":"https:\/\/mhamichiana.org\/?s={search_term_string}"},"query-input":{"@type":"PropertyValueSpecification","valueRequired":true,"valueName":"search_term_string"}}],"inLanguage":"es"},{"@type":"Organization","@id":"https:\/\/mhamichiana.org\/#organization","name":"Concientizaci\u00f3n sobre la salud mental en Michiana","url":"https:\/\/mhamichiana.org\/","logo":{"@type":"ImageObject","inLanguage":"es","@id":"https:\/\/mhamichiana.org\/#\/schema\/logo\/image\/","url":"https:\/\/mhamichiana.org\/wp-content\/uploads\/2024\/12\/MHAM-MHA-White-1.png","contentUrl":"https:\/\/mhamichiana.org\/wp-content\/uploads\/2024\/12\/MHAM-MHA-White-1.png","width":2560,"height":427,"caption":"Mental Health Awareness of Michiana"},"image":{"@id":"https:\/\/mhamichiana.org\/#\/schema\/logo\/image\/"}},{"@type":"Person","@id":"https:\/\/mhamichiana.org\/#\/schema\/person\/df99bf76434e5f057395f5e2a0159e1a","name":"MHAM","image":{"@type":"ImageObject","inLanguage":"es","@id":"https:\/\/secure.gravatar.com\/avatar\/fa319975a97d8a1a8d1eabfb8ba3369c2a600df01452f041044fc83fb35103db?s=96&d=mm&r=g","url":"https:\/\/secure.gravatar.com\/avatar\/fa319975a97d8a1a8d1eabfb8ba3369c2a600df01452f041044fc83fb35103db?s=96&d=mm&r=g","contentUrl":"https:\/\/secure.gravatar.com\/avatar\/fa319975a97d8a1a8d1eabfb8ba3369c2a600df01452f041044fc83fb35103db?s=96&d=mm&r=g","caption":"MHAM"},"sameAs":["http:\/\/mhamichiana.org"],"url":"https:\/\/mhamichiana.org\/es\/author\/emily\/"}]}},"_links":{"self":[{"href":"https:\/\/mhamichiana.org\/es\/wp-json\/wp\/v2\/posts\/4659","targetHints":{"allow":["GET"]}}],"collection":[{"href":"https:\/\/mhamichiana.org\/es\/wp-json\/wp\/v2\/posts"}],"about":[{"href":"https:\/\/mhamichiana.org\/es\/wp-json\/wp\/v2\/types\/post"}],"author":[{"embeddable":true,"href":"https:\/\/mhamichiana.org\/es\/wp-json\/wp\/v2\/users\/3"}],"replies":[{"embeddable":true,"href":"https:\/\/mhamichiana.org\/es\/wp-json\/wp\/v2\/comments?post=4659"}],"version-history":[{"count":6,"href":"https:\/\/mhamichiana.org\/es\/wp-json\/wp\/v2\/posts\/4659\/revisions"}],"predecessor-version":[{"id":4669,"href":"https:\/\/mhamichiana.org\/es\/wp-json\/wp\/v2\/posts\/4659\/revisions\/4669"}],"wp:featuredmedia":[{"embeddable":true,"href":"https:\/\/mhamichiana.org\/es\/wp-json\/wp\/v2\/media\/4665"}],"wp:attachment":[{"href":"https:\/\/mhamichiana.org\/es\/wp-json\/wp\/v2\/media?parent=4659"}],"wp:term":[{"taxonomy":"category","embeddable":true,"href":"https:\/\/mhamichiana.org\/es\/wp-json\/wp\/v2\/categories?post=4659"},{"taxonomy":"post_tag","embeddable":true,"href":"https:\/\/mhamichiana.org\/es\/wp-json\/wp\/v2\/tags?post=4659"}],"curies":[{"name":"wp","href":"https:\/\/api.w.org\/{rel}","templated":true}]}}