{"id":4531,"date":"2025-10-08T16:20:09","date_gmt":"2025-10-08T20:20:09","guid":{"rendered":"https:\/\/mhamichiana.org\/?p=4531"},"modified":"2026-04-27T02:23:19","modified_gmt":"2026-04-27T06:23:19","slug":"state-of-mental-health-2025-report","status":"publish","type":"post","link":"https:\/\/mhamichiana.org\/es\/state-of-mental-health-2025-report\/","title":{"rendered":"MHAM sobre el informe &#039;El estado de la salud mental en Estados Unidos 2025&#039; de MHA"},"content":{"rendered":"<p><em><span style=\"font-weight: 400; color: #385988;\">Mensaje de Lisa Kelly, Directora Ejecutiva de MHAM:<\/span><\/em><\/p>\n<p><span style=\"color: #385988;\"><span style=\"font-weight: 400;\">\u2018&#039;\u2018<span style=\"color: #f95d62;\"><strong>El estado de la salud mental en Estados Unidos<\/strong><\/span>\u2018&#039; es un importante informe anual investigado y producido por <a href=\"https:\/\/mhanational.org\/\"><span style=\"color: #ff9f37;\"><strong>Mental Health America<\/strong><\/span><\/a>. El informe realiza un seguimiento de las medidas de prevalencia de los trastornos de salud mental y de consumo de sustancias en j\u00f3venes y adultos, as\u00ed como de las barreras para acceder a la atenci\u00f3n. Es una herramienta importante para ayudar a los estados a evaluar d\u00f3nde se est\u00e1n logrando mejoras y d\u00f3nde se necesita mayor promoci\u00f3n. (L\u00e9alo ahora: <\/span><span style=\"color: #ff9f37;\"><em><a style=\"color: #ff9f37;\" href=\"https:\/\/mhanational.org\/the-state-of-mental-health-in-america\/\"><span style=\"font-weight: 400;\">El estado de la salud mental en Estados Unidos en 2025, seg\u00fan MHA.<\/span><\/a><\/em><\/span><span style=\"font-weight: 400;\">).<\/p>\n<p><img fetchpriority=\"high\" decoding=\"async\" class=\"aligncenter size-large wp-image-4533\" src=\"https:\/\/mhamichiana.org\/wp-content\/uploads\/2025\/10\/Indiana-TRENCS-Bar-Graph-2025-Mental-Health-1024x681.png\" alt=\"Indiana TRENCS Bar Graphic 2025 Mental Health bar graph\" width=\"800\" height=\"532\" srcset=\"https:\/\/mhamichiana.org\/wp-content\/uploads\/2025\/10\/Indiana-TRENCS-Bar-Graph-2025-Mental-Health-1024x681.png 1024w, https:\/\/mhamichiana.org\/wp-content\/uploads\/2025\/10\/Indiana-TRENCS-Bar-Graph-2025-Mental-Health-300x200.png 300w, https:\/\/mhamichiana.org\/wp-content\/uploads\/2025\/10\/Indiana-TRENCS-Bar-Graph-2025-Mental-Health-768x511.png 768w, https:\/\/mhamichiana.org\/wp-content\/uploads\/2025\/10\/Indiana-TRENCS-Bar-Graph-2025-Mental-Health-18x12.png 18w, https:\/\/mhamichiana.org\/wp-content\/uploads\/2025\/10\/Indiana-TRENCS-Bar-Graph-2025-Mental-Health.png 1327w\" sizes=\"(max-width: 800px) 100vw, 800px\" \/><br \/>\n<\/span><\/span><\/p>\n<p><span style=\"color: #385988;\"><span style=\"font-weight: 400;\">MHAM ha estado haciendo un seguimiento del progreso de Indiana durante los \u00faltimos 8 a\u00f1os a trav\u00e9s de este informe. Indiana ha logrado una mejora significativa en varias variables. En 2017, Indiana ocup\u00f3 el puesto 45.<\/span><span style=\"font-weight: 400;\">el<\/span><span style=\"font-weight: 400;\"> de 50 en general cuando se consideraron todas las medidas de prevalencia y barreras para la atenci\u00f3n. El informe de 2025 muestra que la clasificaci\u00f3n general de Indiana mejor\u00f3 del puesto 45 al 14.<\/span><span style=\"font-weight: 400;\">el<\/span><span style=\"font-weight: 400;\"> en el pa\u00eds. Esta mejora debe celebrarse. Varias iniciativas federales y estatales de los \u00faltimos a\u00f1os contribuyeron a dicha mejora.<\/span><\/span><\/p>\n<p><span style=\"font-weight: 400; color: #385988;\">La expansi\u00f3n de Medicaid con el Plan Healthy Indiana aument\u00f3 el acceso a Medicaid a m\u00e1s de 600,000 residentes de Indiana. La inversi\u00f3n en centros de llamadas 988 y servicios de respuesta a crisis increment\u00f3 el acceso a servicios de salud mental de emergencia. La inclusi\u00f3n de Indiana como programa piloto en el Proyecto Demostrativo de Medicaid est\u00e1 aumentando la capacidad de las Cl\u00ednicas Comunitarias Certificadas de Salud Conductual (CCBHC). La defensa local fue fundamental para visibilizar c\u00f3mo estas iniciativas mejorar\u00edan la salud y el bienestar de todos los residentes de Indiana. El progreso alcanzado en los \u00faltimos a\u00f1os se ver\u00e1 comprometido si se recorta la financiaci\u00f3n de Medicaid. Es posible que se necesite una mayor labor de defensa a nivel local y estatal para mantener el progreso logrado por los residentes de Indiana.<br \/>\n<\/span><\/p>\n<blockquote><p><span style=\"color: #97a926;\"><em>\u201cEste informe anual fundamental ofrece un an\u00e1lisis exhaustivo de los datos nacionales m\u00e1s recientes y las clasificaciones estatales sobre salud mental y bienestar en todo Estados Unidos, proporcionando informaci\u00f3n crucial que puede servir de base para la formulaci\u00f3n de pol\u00edticas, mejorar la atenci\u00f3n y apoyar a las personas que se enfrentan a problemas de salud mental\u201d, declar\u00f3 Valerie Sterns, vicepresidenta ejecutiva de Affiliate Network.<\/em><\/span><\/p>\n<p><span style=\"color: #97a926;\"><em>\u201cEn una cobertura destacable, CNN resalt\u00f3 nuestros hallazgos en su art\u00edculo, \u201c<a style=\"color: #97a926;\" href=\"https:\/\/www.cnn.com\/2025\/10\/01\/health\/top-states-for-mental-health-report-wellness\" target=\"_blank\" rel=\"noopener\" data-saferedirecturl=\"https:\/\/www.google.com\/url?q=https:\/\/www.cnn.com\/2025\/10\/01\/health\/top-states-for-mental-health-report-wellness&amp;source=gmail&amp;ust=1760039306652000&amp;usg=AOvVaw2oslrI1fslVPXc7K80cc1y\">Nueva York y Haw\u00e1i lideran Estados Unidos en salud mental, seg\u00fan un informe. \u00bfQu\u00e9 hacer si no vives all\u00ed?<\/a>\u00a0Por Kristen Rogers.\u00a0<\/em><\/span><\/p>\n<p><span style=\"color: #385988;\"><span style=\"color: #97a926;\"><em>\u201cLos hallazgos de este a\u00f1o, que ya est\u00e1n captando la atenci\u00f3n nacional, tienen el potencial de impulsar la acci\u00f3n e inspirar a las comunidades de todo el pa\u00eds a abogar por mejores recursos y sistemas de apoyo para la salud mental. Les animamos a explorar la gran cantidad de informaci\u00f3n que se ofrece en nuestro informe y en los enlaces que aparecen a continuaci\u00f3n, y a difundir nuestro mensaje compartiendo estos recursos en sus diversas plataformas.\u201d<\/em><\/span><\/span><\/p><\/blockquote>\n<p><span style=\"font-weight: 400;\"><span style=\"color: #385988;\">\u00danete a nosotros en <strong>Jueves, 16 de octubre de 2025<\/strong> de <strong>8:30-12:30<\/strong> para nuestro <span style=\"color: #ff9f37;\"><a style=\"color: #ff9f37;\" href=\"https:\/\/mhamichiana.org\/es\/event\/mham-2025-fall-summit\/\"><strong>Cumbre de oto\u00f1o<\/strong><\/a><\/span> al <a href=\"https:\/\/sjcpl.org\/\"><span style=\"color: #ff9f37;\"><strong>Centro de Aprendizaje Comunitario de la Biblioteca P\u00fablica de San Juan<\/strong><\/span><\/a>. Este a\u00f1o, la Cumbre se centra en los cambios previstos en materia de pol\u00edticas y financiaci\u00f3n que ya est\u00e1n teniendo un efecto en las organizaciones sin \u00e1nimo de lucro locales y en las comunidades a las que sirven.<\/p>\n<p><img decoding=\"async\" class=\"aligncenter size-large wp-image-4498\" src=\"https:\/\/mhamichiana.org\/wp-content\/uploads\/2025\/09\/2025-Autumn-Summit-Responding-to-the-Times-1024x536.png\" alt=\"MHAM 2025 Autumn Summit header\" width=\"800\" height=\"419\" srcset=\"https:\/\/mhamichiana.org\/wp-content\/uploads\/2025\/09\/2025-Autumn-Summit-Responding-to-the-Times-1024x536.png 1024w, https:\/\/mhamichiana.org\/wp-content\/uploads\/2025\/09\/2025-Autumn-Summit-Responding-to-the-Times-300x157.png 300w, https:\/\/mhamichiana.org\/wp-content\/uploads\/2025\/09\/2025-Autumn-Summit-Responding-to-the-Times-768x402.png 768w, https:\/\/mhamichiana.org\/wp-content\/uploads\/2025\/09\/2025-Autumn-Summit-Responding-to-the-Times-1536x804.png 1536w, https:\/\/mhamichiana.org\/wp-content\/uploads\/2025\/09\/2025-Autumn-Summit-Responding-to-the-Times-2048x1072.png 2048w, https:\/\/mhamichiana.org\/wp-content\/uploads\/2025\/09\/2025-Autumn-Summit-Responding-to-the-Times-18x9.png 18w\" sizes=\"(max-width: 800px) 100vw, 800px\" \/><br \/>\n<\/span><\/span><\/p>\n<hr \/>\n<h4 style=\"text-align: center;\"><span style=\"color: #385988;\">\u00bfTe interesan las oportunidades de voluntariado? Env\u00edanos un correo electr\u00f3nico:<\/span><\/h4>\n<h4 style=\"text-align: center;\"><span style=\"color: #f95d62;\"><strong>info@mhamichiana.org<\/strong><\/span><\/h4>\n<h4 style=\"text-align: center;\"><span style=\"color: #385988;\">\u2192 Para hacer una donaci\u00f3n econ\u00f3mica para apoyar a MHAM, visite:<\/span><\/h4>\n<h4 style=\"text-align: center;\"><span style=\"color: #ff9f37;\"><strong><a style=\"color: #ff9f37;\" href=\"https:\/\/mhamichiana.org\/es\/donate\/\">Donar<\/a><\/strong><\/span><\/h4>\n<p><img decoding=\"async\" class=\"aligncenter size-large wp-image-3856\" src=\"https:\/\/mhamichiana.org\/wp-content\/uploads\/2025\/01\/Footer-for-Blog-Posts-2025-1024x273.png\" alt=\"Footer for Blog Posts 2025\" width=\"800\" height=\"213\" srcset=\"https:\/\/mhamichiana.org\/wp-content\/uploads\/2025\/01\/Footer-for-Blog-Posts-2025-1024x273.png 1024w, https:\/\/mhamichiana.org\/wp-content\/uploads\/2025\/01\/Footer-for-Blog-Posts-2025-300x80.png 300w, https:\/\/mhamichiana.org\/wp-content\/uploads\/2025\/01\/Footer-for-Blog-Posts-2025-768x205.png 768w, https:\/\/mhamichiana.org\/wp-content\/uploads\/2025\/01\/Footer-for-Blog-Posts-2025-18x5.png 18w, https:\/\/mhamichiana.org\/wp-content\/uploads\/2025\/01\/Footer-for-Blog-Posts-2025.png 1500w\" sizes=\"(max-width: 800px) 100vw, 800px\" \/><\/p>","protected":false},"excerpt":{"rendered":"<p>A Message from MHAM Executive Director, Lisa Kelly: &#8216;The State of Mental Health in America&#8216; is an important annual report researched and produced by Mental Health America. The report tracks prevalence measures of mental health and substance use disorders in youth and adults as well as barriers to care. It&#8217;s an important tool to help [&hellip;]<\/p>\n","protected":false},"author":3,"featured_media":4532,"comment_status":"closed","ping_status":"open","sticky":false,"template":"","format":"standard","meta":{"_monsterinsights_skip_tracking":false,"_monsterinsights_sitenote_active":false,"_monsterinsights_sitenote_note":"","_monsterinsights_sitenote_category":0,"footnotes":""},"categories":[26],"tags":[],"class_list":["post-4531","post","type-post","status-publish","format-standard","has-post-thumbnail","hentry","category-news"],"yoast_head":"<!-- This site is optimized with the Yoast SEO plugin v27.4 - https:\/\/yoast.com\/product\/yoast-seo-wordpress\/ -->\n<title>MHAM on &#039;The State of Mental Health in America 2025&#039; report by MHA - Mental Health Awareness of Michiana<\/title>\n<meta name=\"description\" content=\"&#039;The State of Mental Health in America&#039; is an important annual report researched and produced by Mental Health America. The report tracks prevalence measures of mental health and substance use disorders in youth and adults as well as barriers to care.\" \/>\n<meta name=\"robots\" content=\"index, follow, max-snippet:-1, max-image-preview:large, max-video-preview:-1\" \/>\n<link rel=\"canonical\" href=\"https:\/\/mhamichiana.org\/es\/state-of-mental-health-2025-report\/\" \/>\n<meta property=\"og:locale\" content=\"es_MX\" \/>\n<meta property=\"og:type\" content=\"article\" \/>\n<meta property=\"og:title\" content=\"MHAM on &#039;The State of Mental Health in America 2025&#039; report by MHA - Mental Health Awareness of Michiana\" \/>\n<meta property=\"og:description\" content=\"&#039;The State of Mental Health in America&#039; is an important annual report researched and produced by Mental Health America. The report tracks prevalence measures of mental health and substance use disorders in youth and adults as well as barriers to care.\" \/>\n<meta property=\"og:url\" content=\"https:\/\/mhamichiana.org\/es\/state-of-mental-health-2025-report\/\" \/>\n<meta property=\"og:site_name\" content=\"Mental Health Awareness of Michiana\" \/>\n<meta property=\"article:published_time\" content=\"2025-10-08T20:20:09+00:00\" \/>\n<meta property=\"article:modified_time\" content=\"2026-04-27T06:23:19+00:00\" \/>\n<meta property=\"og:image\" content=\"https:\/\/mhamichiana.org\/wp-content\/uploads\/2025\/10\/State-of-Mental-Health-in-America-2025-blog-header-1.png\" \/>\n\t<meta property=\"og:image:width\" content=\"1800\" \/>\n\t<meta property=\"og:image:height\" content=\"1200\" \/>\n\t<meta property=\"og:image:type\" content=\"image\/png\" \/>\n<meta name=\"author\" content=\"MHAM\" \/>\n<meta name=\"twitter:card\" content=\"summary_large_image\" \/>\n<meta name=\"twitter:label1\" content=\"Escrito por\" \/>\n\t<meta name=\"twitter:data1\" content=\"MHAM\" \/>\n\t<meta name=\"twitter:label2\" content=\"Tiempo de lectura\" \/>\n\t<meta name=\"twitter:data2\" content=\"3 minutos\" \/>\n<script type=\"application\/ld+json\" class=\"yoast-schema-graph\">{\"@context\":\"https:\\\/\\\/schema.org\",\"@graph\":[{\"@type\":\"Article\",\"@id\":\"https:\\\/\\\/mhamichiana.org\\\/state-of-mental-health-2025-report\\\/#article\",\"isPartOf\":{\"@id\":\"https:\\\/\\\/mhamichiana.org\\\/state-of-mental-health-2025-report\\\/\"},\"author\":{\"name\":\"MHAM\",\"@id\":\"https:\\\/\\\/mhamichiana.org\\\/#\\\/schema\\\/person\\\/188e5522ae3b2fb33b4259619d254ff5\"},\"headline\":\"MHAM on &#8216;The State of Mental Health in America 2025&#8217; report by MHA\",\"datePublished\":\"2025-10-08T20:20:09+00:00\",\"dateModified\":\"2026-04-27T06:23:19+00:00\",\"mainEntityOfPage\":{\"@id\":\"https:\\\/\\\/mhamichiana.org\\\/state-of-mental-health-2025-report\\\/\"},\"wordCount\":482,\"publisher\":{\"@id\":\"https:\\\/\\\/mhamichiana.org\\\/#organization\"},\"image\":{\"@id\":\"https:\\\/\\\/mhamichiana.org\\\/state-of-mental-health-2025-report\\\/#primaryimage\"},\"thumbnailUrl\":\"https:\\\/\\\/mhamichiana.org\\\/wp-content\\\/uploads\\\/2025\\\/10\\\/State-of-Mental-Health-in-America-2025-blog-header-1.png\",\"articleSection\":[\"News\"],\"inLanguage\":\"es\"},{\"@type\":\"WebPage\",\"@id\":\"https:\\\/\\\/mhamichiana.org\\\/state-of-mental-health-2025-report\\\/\",\"url\":\"https:\\\/\\\/mhamichiana.org\\\/state-of-mental-health-2025-report\\\/\",\"name\":\"MHAM on 'The State of Mental Health in America 2025' report by MHA - Mental Health Awareness of Michiana\",\"isPartOf\":{\"@id\":\"https:\\\/\\\/mhamichiana.org\\\/#website\"},\"primaryImageOfPage\":{\"@id\":\"https:\\\/\\\/mhamichiana.org\\\/state-of-mental-health-2025-report\\\/#primaryimage\"},\"image\":{\"@id\":\"https:\\\/\\\/mhamichiana.org\\\/state-of-mental-health-2025-report\\\/#primaryimage\"},\"thumbnailUrl\":\"https:\\\/\\\/mhamichiana.org\\\/wp-content\\\/uploads\\\/2025\\\/10\\\/State-of-Mental-Health-in-America-2025-blog-header-1.png\",\"datePublished\":\"2025-10-08T20:20:09+00:00\",\"dateModified\":\"2026-04-27T06:23:19+00:00\",\"description\":\"'The State of Mental Health in America' is an important annual report researched and produced by Mental Health America. The report tracks prevalence measures of mental health and substance use disorders in youth and adults as well as barriers to care.\",\"breadcrumb\":{\"@id\":\"https:\\\/\\\/mhamichiana.org\\\/state-of-mental-health-2025-report\\\/#breadcrumb\"},\"inLanguage\":\"es\",\"potentialAction\":[{\"@type\":\"ReadAction\",\"target\":[\"https:\\\/\\\/mhamichiana.org\\\/state-of-mental-health-2025-report\\\/\"]}]},{\"@type\":\"ImageObject\",\"inLanguage\":\"es\",\"@id\":\"https:\\\/\\\/mhamichiana.org\\\/state-of-mental-health-2025-report\\\/#primaryimage\",\"url\":\"https:\\\/\\\/mhamichiana.org\\\/wp-content\\\/uploads\\\/2025\\\/10\\\/State-of-Mental-Health-in-America-2025-blog-header-1.png\",\"contentUrl\":\"https:\\\/\\\/mhamichiana.org\\\/wp-content\\\/uploads\\\/2025\\\/10\\\/State-of-Mental-Health-in-America-2025-blog-header-1.png\",\"width\":1800,\"height\":1200,\"caption\":\"State of Mental Health in America 2025 blog header\"},{\"@type\":\"BreadcrumbList\",\"@id\":\"https:\\\/\\\/mhamichiana.org\\\/state-of-mental-health-2025-report\\\/#breadcrumb\",\"itemListElement\":[{\"@type\":\"ListItem\",\"position\":1,\"name\":\"Home\",\"item\":\"https:\\\/\\\/mhamichiana.org\\\/\"},{\"@type\":\"ListItem\",\"position\":2,\"name\":\"MHAM on &#8216;The State of Mental Health in America 2025&#8217; report by MHA\"}]},{\"@type\":\"WebSite\",\"@id\":\"https:\\\/\\\/mhamichiana.org\\\/#website\",\"url\":\"https:\\\/\\\/mhamichiana.org\\\/\",\"name\":\"Mental Health Awareness of Michiana\",\"description\":\"Eliminate Stigma, Build Collaboration, Ensure Access to Care\",\"publisher\":{\"@id\":\"https:\\\/\\\/mhamichiana.org\\\/#organization\"},\"potentialAction\":[{\"@type\":\"SearchAction\",\"target\":{\"@type\":\"EntryPoint\",\"urlTemplate\":\"https:\\\/\\\/mhamichiana.org\\\/?s={search_term_string}\"},\"query-input\":{\"@type\":\"PropertyValueSpecification\",\"valueRequired\":true,\"valueName\":\"search_term_string\"}}],\"inLanguage\":\"es\"},{\"@type\":\"Organization\",\"@id\":\"https:\\\/\\\/mhamichiana.org\\\/#organization\",\"name\":\"Mental Health Awareness of Michiana\",\"url\":\"https:\\\/\\\/mhamichiana.org\\\/\",\"logo\":{\"@type\":\"ImageObject\",\"inLanguage\":\"es\",\"@id\":\"https:\\\/\\\/mhamichiana.org\\\/#\\\/schema\\\/logo\\\/image\\\/\",\"url\":\"https:\\\/\\\/mhamichiana.org\\\/wp-content\\\/uploads\\\/2024\\\/12\\\/MHAM-MHA-White-1.png\",\"contentUrl\":\"https:\\\/\\\/mhamichiana.org\\\/wp-content\\\/uploads\\\/2024\\\/12\\\/MHAM-MHA-White-1.png\",\"width\":2560,\"height\":427,\"caption\":\"Mental Health Awareness of Michiana\"},\"image\":{\"@id\":\"https:\\\/\\\/mhamichiana.org\\\/#\\\/schema\\\/logo\\\/image\\\/\"}},{\"@type\":\"Person\",\"@id\":\"https:\\\/\\\/mhamichiana.org\\\/#\\\/schema\\\/person\\\/188e5522ae3b2fb33b4259619d254ff5\",\"name\":\"MHAM\",\"image\":{\"@type\":\"ImageObject\",\"inLanguage\":\"es\",\"@id\":\"https:\\\/\\\/secure.gravatar.com\\\/avatar\\\/fa319975a97d8a1a8d1eabfb8ba3369c2a600df01452f041044fc83fb35103db?s=96&d=mm&r=g\",\"url\":\"https:\\\/\\\/secure.gravatar.com\\\/avatar\\\/fa319975a97d8a1a8d1eabfb8ba3369c2a600df01452f041044fc83fb35103db?s=96&d=mm&r=g\",\"contentUrl\":\"https:\\\/\\\/secure.gravatar.com\\\/avatar\\\/fa319975a97d8a1a8d1eabfb8ba3369c2a600df01452f041044fc83fb35103db?s=96&d=mm&r=g\",\"caption\":\"MHAM\"},\"sameAs\":[\"http:\\\/\\\/mhamichiana.org\"],\"url\":\"https:\\\/\\\/mhamichiana.org\\\/es\\\/author\\\/emily\\\/\"}]}<\/script>\n<!-- \/ Yoast SEO plugin. -->","yoast_head_json":{"title":"MHAM sobre el informe &#039;El estado de la salud mental en Estados Unidos 2025&#039; de MHA - Mental Health Awareness of Michiana","description":"'El estado de la salud mental en Estados Unidos' es un importante informe anual elaborado por Mental Health America. El informe analiza la prevalencia de los trastornos de salud mental y de consumo de sustancias en j\u00f3venes y adultos, as\u00ed como las barreras para acceder a la atenci\u00f3n m\u00e9dica.","robots":{"index":"index","follow":"follow","max-snippet":"max-snippet:-1","max-image-preview":"max-image-preview:large","max-video-preview":"max-video-preview:-1"},"canonical":"https:\/\/mhamichiana.org\/es\/state-of-mental-health-2025-report\/","og_locale":"es_MX","og_type":"article","og_title":"MHAM on 'The State of Mental Health in America 2025' report by MHA - Mental Health Awareness of Michiana","og_description":"'The State of Mental Health in America' is an important annual report researched and produced by Mental Health America. The report tracks prevalence measures of mental health and substance use disorders in youth and adults as well as barriers to care.","og_url":"https:\/\/mhamichiana.org\/es\/state-of-mental-health-2025-report\/","og_site_name":"Mental Health Awareness of Michiana","article_published_time":"2025-10-08T20:20:09+00:00","article_modified_time":"2026-04-27T06:23:19+00:00","og_image":[{"width":1800,"height":1200,"url":"https:\/\/mhamichiana.org\/wp-content\/uploads\/2025\/10\/State-of-Mental-Health-in-America-2025-blog-header-1.png","type":"image\/png"}],"author":"MHAM","twitter_card":"summary_large_image","twitter_misc":{"Escrito por":"MHAM","Tiempo de lectura":"3 minutos"},"schema":{"@context":"https:\/\/schema.org","@graph":[{"@type":"Article","@id":"https:\/\/mhamichiana.org\/state-of-mental-health-2025-report\/#article","isPartOf":{"@id":"https:\/\/mhamichiana.org\/state-of-mental-health-2025-report\/"},"author":{"name":"MHAM","@id":"https:\/\/mhamichiana.org\/#\/schema\/person\/188e5522ae3b2fb33b4259619d254ff5"},"headline":"MHAM on &#8216;The State of Mental Health in America 2025&#8217; report by MHA","datePublished":"2025-10-08T20:20:09+00:00","dateModified":"2026-04-27T06:23:19+00:00","mainEntityOfPage":{"@id":"https:\/\/mhamichiana.org\/state-of-mental-health-2025-report\/"},"wordCount":482,"publisher":{"@id":"https:\/\/mhamichiana.org\/#organization"},"image":{"@id":"https:\/\/mhamichiana.org\/state-of-mental-health-2025-report\/#primaryimage"},"thumbnailUrl":"https:\/\/mhamichiana.org\/wp-content\/uploads\/2025\/10\/State-of-Mental-Health-in-America-2025-blog-header-1.png","articleSection":["News"],"inLanguage":"es"},{"@type":"WebPage","@id":"https:\/\/mhamichiana.org\/state-of-mental-health-2025-report\/","url":"https:\/\/mhamichiana.org\/state-of-mental-health-2025-report\/","name":"MHAM sobre el informe &#039;El estado de la salud mental en Estados Unidos 2025&#039; de MHA - Mental Health Awareness of Michiana","isPartOf":{"@id":"https:\/\/mhamichiana.org\/#website"},"primaryImageOfPage":{"@id":"https:\/\/mhamichiana.org\/state-of-mental-health-2025-report\/#primaryimage"},"image":{"@id":"https:\/\/mhamichiana.org\/state-of-mental-health-2025-report\/#primaryimage"},"thumbnailUrl":"https:\/\/mhamichiana.org\/wp-content\/uploads\/2025\/10\/State-of-Mental-Health-in-America-2025-blog-header-1.png","datePublished":"2025-10-08T20:20:09+00:00","dateModified":"2026-04-27T06:23:19+00:00","description":"'El estado de la salud mental en Estados Unidos' es un importante informe anual elaborado por Mental Health America. El informe analiza la prevalencia de los trastornos de salud mental y de consumo de sustancias en j\u00f3venes y adultos, as\u00ed como las barreras para acceder a la atenci\u00f3n m\u00e9dica.","breadcrumb":{"@id":"https:\/\/mhamichiana.org\/state-of-mental-health-2025-report\/#breadcrumb"},"inLanguage":"es","potentialAction":[{"@type":"ReadAction","target":["https:\/\/mhamichiana.org\/state-of-mental-health-2025-report\/"]}]},{"@type":"ImageObject","inLanguage":"es","@id":"https:\/\/mhamichiana.org\/state-of-mental-health-2025-report\/#primaryimage","url":"https:\/\/mhamichiana.org\/wp-content\/uploads\/2025\/10\/State-of-Mental-Health-in-America-2025-blog-header-1.png","contentUrl":"https:\/\/mhamichiana.org\/wp-content\/uploads\/2025\/10\/State-of-Mental-Health-in-America-2025-blog-header-1.png","width":1800,"height":1200,"caption":"State of Mental Health in America 2025 blog header"},{"@type":"BreadcrumbList","@id":"https:\/\/mhamichiana.org\/state-of-mental-health-2025-report\/#breadcrumb","itemListElement":[{"@type":"ListItem","position":1,"name":"Home","item":"https:\/\/mhamichiana.org\/"},{"@type":"ListItem","position":2,"name":"MHAM on &#8216;The State of Mental Health in America 2025&#8217; report by MHA"}]},{"@type":"WebSite","@id":"https:\/\/mhamichiana.org\/#website","url":"https:\/\/mhamichiana.org\/","name":"Concientizaci\u00f3n sobre la salud mental en Michiana","description":"Eliminar el estigma, fomentar la colaboraci\u00f3n y garantizar el acceso a la atenci\u00f3n m\u00e9dica.","publisher":{"@id":"https:\/\/mhamichiana.org\/#organization"},"potentialAction":[{"@type":"SearchAction","target":{"@type":"EntryPoint","urlTemplate":"https:\/\/mhamichiana.org\/?s={search_term_string}"},"query-input":{"@type":"PropertyValueSpecification","valueRequired":true,"valueName":"search_term_string"}}],"inLanguage":"es"},{"@type":"Organization","@id":"https:\/\/mhamichiana.org\/#organization","name":"Concientizaci\u00f3n sobre la salud mental en Michiana","url":"https:\/\/mhamichiana.org\/","logo":{"@type":"ImageObject","inLanguage":"es","@id":"https:\/\/mhamichiana.org\/#\/schema\/logo\/image\/","url":"https:\/\/mhamichiana.org\/wp-content\/uploads\/2024\/12\/MHAM-MHA-White-1.png","contentUrl":"https:\/\/mhamichiana.org\/wp-content\/uploads\/2024\/12\/MHAM-MHA-White-1.png","width":2560,"height":427,"caption":"Mental Health Awareness of Michiana"},"image":{"@id":"https:\/\/mhamichiana.org\/#\/schema\/logo\/image\/"}},{"@type":"Person","@id":"https:\/\/mhamichiana.org\/#\/schema\/person\/188e5522ae3b2fb33b4259619d254ff5","name":"MHAM","image":{"@type":"ImageObject","inLanguage":"es","@id":"https:\/\/secure.gravatar.com\/avatar\/fa319975a97d8a1a8d1eabfb8ba3369c2a600df01452f041044fc83fb35103db?s=96&d=mm&r=g","url":"https:\/\/secure.gravatar.com\/avatar\/fa319975a97d8a1a8d1eabfb8ba3369c2a600df01452f041044fc83fb35103db?s=96&d=mm&r=g","contentUrl":"https:\/\/secure.gravatar.com\/avatar\/fa319975a97d8a1a8d1eabfb8ba3369c2a600df01452f041044fc83fb35103db?s=96&d=mm&r=g","caption":"MHAM"},"sameAs":["http:\/\/mhamichiana.org"],"url":"https:\/\/mhamichiana.org\/es\/author\/emily\/"}]}},"_links":{"self":[{"href":"https:\/\/mhamichiana.org\/es\/wp-json\/wp\/v2\/posts\/4531","targetHints":{"allow":["GET"]}}],"collection":[{"href":"https:\/\/mhamichiana.org\/es\/wp-json\/wp\/v2\/posts"}],"about":[{"href":"https:\/\/mhamichiana.org\/es\/wp-json\/wp\/v2\/types\/post"}],"author":[{"embeddable":true,"href":"https:\/\/mhamichiana.org\/es\/wp-json\/wp\/v2\/users\/3"}],"replies":[{"embeddable":true,"href":"https:\/\/mhamichiana.org\/es\/wp-json\/wp\/v2\/comments?post=4531"}],"version-history":[{"count":2,"href":"https:\/\/mhamichiana.org\/es\/wp-json\/wp\/v2\/posts\/4531\/revisions"}],"predecessor-version":[{"id":4535,"href":"https:\/\/mhamichiana.org\/es\/wp-json\/wp\/v2\/posts\/4531\/revisions\/4535"}],"wp:featuredmedia":[{"embeddable":true,"href":"https:\/\/mhamichiana.org\/es\/wp-json\/wp\/v2\/media\/4532"}],"wp:attachment":[{"href":"https:\/\/mhamichiana.org\/es\/wp-json\/wp\/v2\/media?parent=4531"}],"wp:term":[{"taxonomy":"category","embeddable":true,"href":"https:\/\/mhamichiana.org\/es\/wp-json\/wp\/v2\/categories?post=4531"},{"taxonomy":"post_tag","embeddable":true,"href":"https:\/\/mhamichiana.org\/es\/wp-json\/wp\/v2\/tags?post=4531"}],"curies":[{"name":"wp","href":"https:\/\/api.w.org\/{rel}","templated":true}]}}