{"id":4517,"date":"2025-09-23T15:43:03","date_gmt":"2025-09-23T19:43:03","guid":{"rendered":"https:\/\/mhamichiana.org\/?p=4517"},"modified":"2026-04-27T02:23:19","modified_gmt":"2026-04-27T06:23:19","slug":"september-volunteer-highlight","status":"publish","type":"post","link":"https:\/\/mhamichiana.org\/es\/september-volunteer-highlight\/","title":{"rendered":"Voluntarios destacados de septiembre"},"content":{"rendered":"<h3 style=\"text-align: center;\"><span style=\"color: #385988;\"><b>Nos complace anunciar<\/b><\/span><\/h3>\n<h2 style=\"text-align: center;\"><span style=\"color: #f95d62;\"><b>VOLUNTARIOS DEL EVENTO MHAM<\/b><\/span><\/h2>\n<h3 style=\"text-align: center;\"><span style=\"color: #385988;\"><b>como la Concientizaci\u00f3n sobre la Salud Mental de Michiana (MHAM)<\/b><\/span><\/h3>\n<h3 style=\"text-align: center;\"><span style=\"color: #385988;\"><span style=\"color: #f95d62;\"><b>Voluntaria destacada de septiembre<\/b><\/span><b>!<\/b><\/span><\/h3>\n<p style=\"text-align: center;\"><span style=\"font-weight: 400; color: #385988;\">\u00a0<\/span><\/p>\n<p style=\"text-align: left;\"><span style=\"color: #385988;\"><span style=\"font-weight: 400;\">Lo m\u00e1s destacado del programa de voluntariado de MHAM para septiembre: <\/span><span style=\"color: #f95d62;\"><strong>Nuestros maravillosos voluntarios del evento <\/strong><\/span><span style=\"font-weight: 400;\">\u2013 significa destacar a las buenas personas que apoyan nuestra misi\u00f3n con trabajo pr\u00e1ctico en nuestros numerosos eventos en la comunidad. <\/span><span style=\"font-weight: 400;\">Nos gustar\u00eda agradecer especialmente a los voluntarios que ayudaron a que nuestra inauguraci\u00f3n fuera un \u00e9xito. <\/span><span style=\"color: #ff9f37;\"><a style=\"color: #ff9f37;\" href=\"https:\/\/www.facebook.com\/share\/1A8YY4bwMZ\/\"><b>Festival de pasteles<\/b><\/a><\/span> <span style=\"font-weight: 400;\">y <\/span><span style=\"color: #ff9f37;\"><a style=\"color: #ff9f37;\" href=\"https:\/\/mhamichiana.org\/es\/2025-gala-wrap-up\/\"><b>Gala anual<\/b><\/a><\/span><span style=\"font-weight: 400;\"> \u00a1Todo un \u00e9xito este a\u00f1o!<\/span><span style=\"font-weight: 400;\"><br \/>\n<\/span><span style=\"font-weight: 400;\"><br \/>\n<\/span><span style=\"font-weight: 400;\">La directora ejecutiva de MHAM, Lisa Kelly, comenta lo siguiente sobre el cuidado y la atenci\u00f3n al detalle que los voluntarios aportan a nuestros eventos:<\/span><\/span><\/p>\n<blockquote>\n<p style=\"text-align: left;\"><span style=\"color: #97a926;\"><i><span style=\"font-weight: 400;\">\u201cLos voluntarios son socios fundamentales para el \u00e9xito de todos nuestros grandes eventos. Estoy muy agradecida a los numerosos voluntarios que colaboraron en el Festival y Gala inaugural de Pasteles. Los voluntarios aligeran la carga de trabajo del personal, permiti\u00e9ndoles centrarse en servir a la comunidad. Ya sea sirviendo pasteles en el Festival, montando o desmontando mesas y sillas, o ayudando en la mesa de registro, esperamos que nuestros voluntarios sepan lo mucho que los apreciamos y que est\u00e1n contribuyendo al avance de nuestra misi\u00f3n.\u201d<\/span><\/i><\/span><\/p>\n<\/blockquote>\n<p style=\"text-align: left;\"><span style=\"font-weight: 400; color: #385988;\">Nos pusimos en contacto con la voluntaria Balinda Holloway, que trabaj\u00f3 con nosotros en ambos eventos, para saber por qu\u00e9 ha decidido donar su tiempo y esfuerzo a MHAM:<\/span><\/p>\n<blockquote>\n<p style=\"text-align: left;\"><span style=\"color: #385988;\"><span style=\"color: #97a926;\"><i><span style=\"font-weight: 400;\">\u201cCreo firmemente que una comunidad que apoya la salud mental es una comunidad donde m\u00e1s personas pueden sentirse parte de ella, valoradas y contribuir positivamente. Tras muchos a\u00f1os como voluntaria en diversas organizaciones, he aprendido que la dedicaci\u00f3n de un voluntario es \u00fanica e invaluable. Los voluntarios son esenciales, no solo por su apoyo, sino tambi\u00e9n por la multitud de habilidades que aportan para alcanzar los objetivos de la organizaci\u00f3n. Contribuyen a una comunidad m\u00e1s fuerte y act\u00faan como valiosos defensores, fomentando la lealtad y ampliando el alcance de la organizaci\u00f3n. \u00a1Con ellos, una comunidad m\u00e1s fuerte solo puede alcanzar el \u00e9xito!\u201d<\/span><\/i><\/span><i><\/i><\/span><\/p>\n<p>&nbsp;<\/p><\/blockquote>\n<h4 style=\"text-align: center;\"><span style=\"color: #385988;\"><span style=\"font-weight: 400;\">\u00a1Gracias a las siguientes personas por ayudar a que nuestros eventos generen el impacto necesario para apoyar la salud mental en Michiana!<br \/>\n<\/span><span style=\"font-weight: 400;\"><br \/>\n<\/span><span style=\"font-weight: 400;\"><br \/>\n<\/span><b>FESTIVAL DE PASTELES<\/b><span style=\"font-weight: 400;\"><br \/>\n<\/span><span style=\"font-weight: 400; color: #f95d62;\">Carol Stuart \u2013 Kathy Platt \u2013 Cindy Zyniewicz \u2013 Dean y Donna Fecher \u2013 Beth Weber \u2013 Balinda Holloway \u2013 Mary Lewis \u2013 Kathey Vetter \u2013 Kathy Czubernat \u2013 Alex Coble \u2013 Kate Barrett \u2013 Sandi Piehl \u2013 Christina Tolommei<\/span><span style=\"font-weight: 400;\"><br \/>\n<\/span><span style=\"font-weight: 400;\"><br \/>\n<\/span><b>GALA<\/b><span style=\"font-weight: 400;\"><br \/>\n<\/span><span style=\"font-weight: 400; color: #f95d62;\">Deanna Ferrell \u2013 Balinda Hollaway \u2013 Tejohn Hollaway \u2013 Kendall Jermiah \u2013 Tony Magaldi \u2013 Tammy Magaldi \u2013 Errin Dokes \u2013 Liam Kelly \u2013 Ashley Kelly<\/span><\/span><\/h4>\n<p>&nbsp;<\/p>\n<p style=\"text-align: center;\"><span style=\"color: #385988;\"><span style=\"font-weight: 400;\">\u00a1Gracias por vuestra dedicaci\u00f3n, voluntarios! No podr\u00edamos haberlo hecho sin vosotros.<\/span><span style=\"font-weight: 400;\"><br \/>\n<\/span><span style=\"font-weight: 400;\"><br \/>\n<\/span><span style=\"font-weight: 400;\"><br \/>\n<\/span><span style=\"font-weight: 400;\">________________________________________________<\/span><\/span><\/p>\n<h3 style=\"text-align: center;\"><span style=\"color: #385988;\"><span style=\"font-weight: 400;\"><br \/>\n<\/span><span style=\"font-weight: 400;\">\u00bfTe interesan las oportunidades de voluntariado? Env\u00edanos un correo electr\u00f3nico:<\/span><\/span><\/h3>\n<h3 style=\"text-align: center;\"><span style=\"color: #f95d62;\"><strong>info@mhamichiana.org<\/strong><\/span><\/h3>\n<h3 style=\"text-align: center;\"><span style=\"font-weight: 400; color: #385988;\">\u2192 Para hacer una donaci\u00f3n econ\u00f3mica para apoyar a MHAM, visite:<\/span><\/h3>\n<h3 style=\"text-align: center;\"><span style=\"color: #ff9f37;\"><strong><a style=\"color: #ff9f37;\" href=\"https:\/\/mhamichiana.org\/es\/donate\/\">Donar<\/a><\/strong><\/span><\/h3>\n<p><img fetchpriority=\"high\" decoding=\"async\" class=\"aligncenter size-large wp-image-3856\" src=\"https:\/\/mhamichiana.org\/wp-content\/uploads\/2025\/01\/Footer-for-Blog-Posts-2025-1024x273.png\" alt=\"Footer for Blog Posts 2025\" width=\"800\" height=\"213\" srcset=\"https:\/\/mhamichiana.org\/wp-content\/uploads\/2025\/01\/Footer-for-Blog-Posts-2025-1024x273.png 1024w, https:\/\/mhamichiana.org\/wp-content\/uploads\/2025\/01\/Footer-for-Blog-Posts-2025-300x80.png 300w, https:\/\/mhamichiana.org\/wp-content\/uploads\/2025\/01\/Footer-for-Blog-Posts-2025-768x205.png 768w, https:\/\/mhamichiana.org\/wp-content\/uploads\/2025\/01\/Footer-for-Blog-Posts-2025-18x5.png 18w, https:\/\/mhamichiana.org\/wp-content\/uploads\/2025\/01\/Footer-for-Blog-Posts-2025.png 1500w\" sizes=\"(max-width: 800px) 100vw, 800px\" \/><\/p>","protected":false},"excerpt":{"rendered":"<p>We are pleased to announce MHAM EVENT VOLUNTEERS as the Mental Health Awareness of Michiana (MHAM) Volunteer Highlight for September! \u00a0 MHAM\u2019s volunteer highlight for September \u2013 our wonderful event volunteers \u2013 means to shine a light on the good folks who support our mission with hands-on work for our many events in the community. [&hellip;]<\/p>\n","protected":false},"author":3,"featured_media":4523,"comment_status":"closed","ping_status":"open","sticky":false,"template":"","format":"standard","meta":{"_monsterinsights_skip_tracking":false,"_monsterinsights_sitenote_active":false,"_monsterinsights_sitenote_note":"","_monsterinsights_sitenote_category":0,"footnotes":""},"categories":[1],"tags":[],"class_list":["post-4517","post","type-post","status-publish","format-standard","has-post-thumbnail","hentry","category-uncategorized"],"yoast_head":"<!-- This site is optimized with the Yoast SEO plugin v27.4 - https:\/\/yoast.com\/product\/yoast-seo-wordpress\/ -->\n<title>September Volunteer Highlight - Mental Health Awareness of Michiana<\/title>\n<meta name=\"robots\" content=\"index, follow, max-snippet:-1, max-image-preview:large, max-video-preview:-1\" \/>\n<link rel=\"canonical\" href=\"https:\/\/mhamichiana.org\/es\/september-volunteer-highlight\/\" \/>\n<meta property=\"og:locale\" content=\"es_MX\" \/>\n<meta property=\"og:type\" content=\"article\" \/>\n<meta property=\"og:title\" content=\"September Volunteer Highlight - Mental Health Awareness of Michiana\" \/>\n<meta property=\"og:description\" content=\"We are pleased to announce MHAM EVENT VOLUNTEERS as the Mental Health Awareness of Michiana (MHAM) Volunteer Highlight for September! \u00a0 MHAM\u2019s volunteer highlight for September \u2013 our wonderful event volunteers \u2013 means to shine a light on the good folks who support our mission with hands-on work for our many events in the community. [&hellip;]\" \/>\n<meta property=\"og:url\" content=\"https:\/\/mhamichiana.org\/es\/september-volunteer-highlight\/\" \/>\n<meta property=\"og:site_name\" content=\"Mental Health Awareness of Michiana\" \/>\n<meta property=\"article:published_time\" content=\"2025-09-23T19:43:03+00:00\" \/>\n<meta property=\"article:modified_time\" content=\"2026-04-27T06:23:19+00:00\" \/>\n<meta property=\"og:image\" content=\"https:\/\/mhamichiana.org\/wp-content\/uploads\/2025\/09\/MHAM-Volunteer-Highlight-September-2025-newsletter-1024x444.png\" \/>\n\t<meta property=\"og:image:width\" content=\"1024\" \/>\n\t<meta property=\"og:image:height\" content=\"444\" \/>\n\t<meta property=\"og:image:type\" content=\"image\/png\" \/>\n<meta name=\"author\" content=\"MHAM\" \/>\n<meta name=\"twitter:card\" content=\"summary_large_image\" \/>\n<meta name=\"twitter:label1\" content=\"Escrito por\" \/>\n\t<meta name=\"twitter:data1\" content=\"MHAM\" \/>\n\t<meta name=\"twitter:label2\" content=\"Tiempo de lectura\" \/>\n\t<meta name=\"twitter:data2\" content=\"2 minutos\" \/>\n<script type=\"application\/ld+json\" class=\"yoast-schema-graph\">{\"@context\":\"https:\\\/\\\/schema.org\",\"@graph\":[{\"@type\":\"Article\",\"@id\":\"https:\\\/\\\/mhamichiana.org\\\/september-volunteer-highlight\\\/#article\",\"isPartOf\":{\"@id\":\"https:\\\/\\\/mhamichiana.org\\\/september-volunteer-highlight\\\/\"},\"author\":{\"name\":\"MHAM\",\"@id\":\"https:\\\/\\\/mhamichiana.org\\\/#\\\/schema\\\/person\\\/df99bf76434e5f057395f5e2a0159e1a\"},\"headline\":\"September Volunteer Highlight\",\"datePublished\":\"2025-09-23T19:43:03+00:00\",\"dateModified\":\"2026-04-27T06:23:19+00:00\",\"mainEntityOfPage\":{\"@id\":\"https:\\\/\\\/mhamichiana.org\\\/september-volunteer-highlight\\\/\"},\"wordCount\":443,\"publisher\":{\"@id\":\"https:\\\/\\\/mhamichiana.org\\\/#organization\"},\"image\":{\"@id\":\"https:\\\/\\\/mhamichiana.org\\\/september-volunteer-highlight\\\/#primaryimage\"},\"thumbnailUrl\":\"https:\\\/\\\/mhamichiana.org\\\/wp-content\\\/uploads\\\/2025\\\/09\\\/MHAM-Volunteer-Highlight-September-2025-newsletter.png\",\"articleSection\":[\"Uncategorized\"],\"inLanguage\":\"es\"},{\"@type\":\"WebPage\",\"@id\":\"https:\\\/\\\/mhamichiana.org\\\/september-volunteer-highlight\\\/\",\"url\":\"https:\\\/\\\/mhamichiana.org\\\/september-volunteer-highlight\\\/\",\"name\":\"September Volunteer Highlight - Mental Health Awareness of Michiana\",\"isPartOf\":{\"@id\":\"https:\\\/\\\/mhamichiana.org\\\/#website\"},\"primaryImageOfPage\":{\"@id\":\"https:\\\/\\\/mhamichiana.org\\\/september-volunteer-highlight\\\/#primaryimage\"},\"image\":{\"@id\":\"https:\\\/\\\/mhamichiana.org\\\/september-volunteer-highlight\\\/#primaryimage\"},\"thumbnailUrl\":\"https:\\\/\\\/mhamichiana.org\\\/wp-content\\\/uploads\\\/2025\\\/09\\\/MHAM-Volunteer-Highlight-September-2025-newsletter.png\",\"datePublished\":\"2025-09-23T19:43:03+00:00\",\"dateModified\":\"2026-04-27T06:23:19+00:00\",\"breadcrumb\":{\"@id\":\"https:\\\/\\\/mhamichiana.org\\\/september-volunteer-highlight\\\/#breadcrumb\"},\"inLanguage\":\"es\",\"potentialAction\":[{\"@type\":\"ReadAction\",\"target\":[\"https:\\\/\\\/mhamichiana.org\\\/september-volunteer-highlight\\\/\"]}]},{\"@type\":\"ImageObject\",\"inLanguage\":\"es\",\"@id\":\"https:\\\/\\\/mhamichiana.org\\\/september-volunteer-highlight\\\/#primaryimage\",\"url\":\"https:\\\/\\\/mhamichiana.org\\\/wp-content\\\/uploads\\\/2025\\\/09\\\/MHAM-Volunteer-Highlight-September-2025-newsletter.png\",\"contentUrl\":\"https:\\\/\\\/mhamichiana.org\\\/wp-content\\\/uploads\\\/2025\\\/09\\\/MHAM-Volunteer-Highlight-September-2025-newsletter.png\",\"width\":2250,\"height\":975,\"caption\":\"MHAM Volunteer Highlight September 2025 header image\"},{\"@type\":\"BreadcrumbList\",\"@id\":\"https:\\\/\\\/mhamichiana.org\\\/september-volunteer-highlight\\\/#breadcrumb\",\"itemListElement\":[{\"@type\":\"ListItem\",\"position\":1,\"name\":\"Home\",\"item\":\"https:\\\/\\\/mhamichiana.org\\\/\"},{\"@type\":\"ListItem\",\"position\":2,\"name\":\"September Volunteer Highlight\"}]},{\"@type\":\"WebSite\",\"@id\":\"https:\\\/\\\/mhamichiana.org\\\/#website\",\"url\":\"https:\\\/\\\/mhamichiana.org\\\/\",\"name\":\"Mental Health Awareness of Michiana\",\"description\":\"Eliminate Stigma, Build Collaboration, Ensure Access to Care\",\"publisher\":{\"@id\":\"https:\\\/\\\/mhamichiana.org\\\/#organization\"},\"potentialAction\":[{\"@type\":\"SearchAction\",\"target\":{\"@type\":\"EntryPoint\",\"urlTemplate\":\"https:\\\/\\\/mhamichiana.org\\\/?s={search_term_string}\"},\"query-input\":{\"@type\":\"PropertyValueSpecification\",\"valueRequired\":true,\"valueName\":\"search_term_string\"}}],\"inLanguage\":\"es\"},{\"@type\":\"Organization\",\"@id\":\"https:\\\/\\\/mhamichiana.org\\\/#organization\",\"name\":\"Mental Health Awareness of Michiana\",\"url\":\"https:\\\/\\\/mhamichiana.org\\\/\",\"logo\":{\"@type\":\"ImageObject\",\"inLanguage\":\"es\",\"@id\":\"https:\\\/\\\/mhamichiana.org\\\/#\\\/schema\\\/logo\\\/image\\\/\",\"url\":\"https:\\\/\\\/mhamichiana.org\\\/wp-content\\\/uploads\\\/2024\\\/12\\\/MHAM-MHA-White-1.png\",\"contentUrl\":\"https:\\\/\\\/mhamichiana.org\\\/wp-content\\\/uploads\\\/2024\\\/12\\\/MHAM-MHA-White-1.png\",\"width\":2560,\"height\":427,\"caption\":\"Mental Health Awareness of Michiana\"},\"image\":{\"@id\":\"https:\\\/\\\/mhamichiana.org\\\/#\\\/schema\\\/logo\\\/image\\\/\"}},{\"@type\":\"Person\",\"@id\":\"https:\\\/\\\/mhamichiana.org\\\/#\\\/schema\\\/person\\\/df99bf76434e5f057395f5e2a0159e1a\",\"name\":\"MHAM\",\"image\":{\"@type\":\"ImageObject\",\"inLanguage\":\"es\",\"@id\":\"https:\\\/\\\/secure.gravatar.com\\\/avatar\\\/fa319975a97d8a1a8d1eabfb8ba3369c2a600df01452f041044fc83fb35103db?s=96&d=mm&r=g\",\"url\":\"https:\\\/\\\/secure.gravatar.com\\\/avatar\\\/fa319975a97d8a1a8d1eabfb8ba3369c2a600df01452f041044fc83fb35103db?s=96&d=mm&r=g\",\"contentUrl\":\"https:\\\/\\\/secure.gravatar.com\\\/avatar\\\/fa319975a97d8a1a8d1eabfb8ba3369c2a600df01452f041044fc83fb35103db?s=96&d=mm&r=g\",\"caption\":\"MHAM\"},\"sameAs\":[\"http:\\\/\\\/mhamichiana.org\"],\"url\":\"https:\\\/\\\/mhamichiana.org\\\/es\\\/author\\\/emily\\\/\"}]}<\/script>\n<!-- \/ Yoast SEO plugin. -->","yoast_head_json":{"title":"Voluntariado destacado de septiembre: Concientizaci\u00f3n sobre la salud mental en Michiana","robots":{"index":"index","follow":"follow","max-snippet":"max-snippet:-1","max-image-preview":"max-image-preview:large","max-video-preview":"max-video-preview:-1"},"canonical":"https:\/\/mhamichiana.org\/es\/september-volunteer-highlight\/","og_locale":"es_MX","og_type":"article","og_title":"September Volunteer Highlight - Mental Health Awareness of Michiana","og_description":"We are pleased to announce MHAM EVENT VOLUNTEERS as the Mental Health Awareness of Michiana (MHAM) Volunteer Highlight for September! \u00a0 MHAM\u2019s volunteer highlight for September \u2013 our wonderful event volunteers \u2013 means to shine a light on the good folks who support our mission with hands-on work for our many events in the community. [&hellip;]","og_url":"https:\/\/mhamichiana.org\/es\/september-volunteer-highlight\/","og_site_name":"Mental Health Awareness of Michiana","article_published_time":"2025-09-23T19:43:03+00:00","article_modified_time":"2026-04-27T06:23:19+00:00","og_image":[{"width":1024,"height":444,"url":"https:\/\/mhamichiana.org\/wp-content\/uploads\/2025\/09\/MHAM-Volunteer-Highlight-September-2025-newsletter-1024x444.png","type":"image\/png"}],"author":"MHAM","twitter_card":"summary_large_image","twitter_misc":{"Escrito por":"MHAM","Tiempo de lectura":"2 minutos"},"schema":{"@context":"https:\/\/schema.org","@graph":[{"@type":"Article","@id":"https:\/\/mhamichiana.org\/september-volunteer-highlight\/#article","isPartOf":{"@id":"https:\/\/mhamichiana.org\/september-volunteer-highlight\/"},"author":{"name":"MHAM","@id":"https:\/\/mhamichiana.org\/#\/schema\/person\/df99bf76434e5f057395f5e2a0159e1a"},"headline":"September Volunteer Highlight","datePublished":"2025-09-23T19:43:03+00:00","dateModified":"2026-04-27T06:23:19+00:00","mainEntityOfPage":{"@id":"https:\/\/mhamichiana.org\/september-volunteer-highlight\/"},"wordCount":443,"publisher":{"@id":"https:\/\/mhamichiana.org\/#organization"},"image":{"@id":"https:\/\/mhamichiana.org\/september-volunteer-highlight\/#primaryimage"},"thumbnailUrl":"https:\/\/mhamichiana.org\/wp-content\/uploads\/2025\/09\/MHAM-Volunteer-Highlight-September-2025-newsletter.png","articleSection":["Uncategorized"],"inLanguage":"es"},{"@type":"WebPage","@id":"https:\/\/mhamichiana.org\/september-volunteer-highlight\/","url":"https:\/\/mhamichiana.org\/september-volunteer-highlight\/","name":"Voluntariado destacado de septiembre: Concientizaci\u00f3n sobre la salud mental en Michiana","isPartOf":{"@id":"https:\/\/mhamichiana.org\/#website"},"primaryImageOfPage":{"@id":"https:\/\/mhamichiana.org\/september-volunteer-highlight\/#primaryimage"},"image":{"@id":"https:\/\/mhamichiana.org\/september-volunteer-highlight\/#primaryimage"},"thumbnailUrl":"https:\/\/mhamichiana.org\/wp-content\/uploads\/2025\/09\/MHAM-Volunteer-Highlight-September-2025-newsletter.png","datePublished":"2025-09-23T19:43:03+00:00","dateModified":"2026-04-27T06:23:19+00:00","breadcrumb":{"@id":"https:\/\/mhamichiana.org\/september-volunteer-highlight\/#breadcrumb"},"inLanguage":"es","potentialAction":[{"@type":"ReadAction","target":["https:\/\/mhamichiana.org\/september-volunteer-highlight\/"]}]},{"@type":"ImageObject","inLanguage":"es","@id":"https:\/\/mhamichiana.org\/september-volunteer-highlight\/#primaryimage","url":"https:\/\/mhamichiana.org\/wp-content\/uploads\/2025\/09\/MHAM-Volunteer-Highlight-September-2025-newsletter.png","contentUrl":"https:\/\/mhamichiana.org\/wp-content\/uploads\/2025\/09\/MHAM-Volunteer-Highlight-September-2025-newsletter.png","width":2250,"height":975,"caption":"MHAM Volunteer Highlight September 2025 header image"},{"@type":"BreadcrumbList","@id":"https:\/\/mhamichiana.org\/september-volunteer-highlight\/#breadcrumb","itemListElement":[{"@type":"ListItem","position":1,"name":"Home","item":"https:\/\/mhamichiana.org\/"},{"@type":"ListItem","position":2,"name":"September Volunteer Highlight"}]},{"@type":"WebSite","@id":"https:\/\/mhamichiana.org\/#website","url":"https:\/\/mhamichiana.org\/","name":"Concientizaci\u00f3n sobre la salud mental en Michiana","description":"Eliminar el estigma, fomentar la colaboraci\u00f3n y garantizar el acceso a la atenci\u00f3n m\u00e9dica.","publisher":{"@id":"https:\/\/mhamichiana.org\/#organization"},"potentialAction":[{"@type":"SearchAction","target":{"@type":"EntryPoint","urlTemplate":"https:\/\/mhamichiana.org\/?s={search_term_string}"},"query-input":{"@type":"PropertyValueSpecification","valueRequired":true,"valueName":"search_term_string"}}],"inLanguage":"es"},{"@type":"Organization","@id":"https:\/\/mhamichiana.org\/#organization","name":"Concientizaci\u00f3n sobre la salud mental en Michiana","url":"https:\/\/mhamichiana.org\/","logo":{"@type":"ImageObject","inLanguage":"es","@id":"https:\/\/mhamichiana.org\/#\/schema\/logo\/image\/","url":"https:\/\/mhamichiana.org\/wp-content\/uploads\/2024\/12\/MHAM-MHA-White-1.png","contentUrl":"https:\/\/mhamichiana.org\/wp-content\/uploads\/2024\/12\/MHAM-MHA-White-1.png","width":2560,"height":427,"caption":"Mental Health Awareness of Michiana"},"image":{"@id":"https:\/\/mhamichiana.org\/#\/schema\/logo\/image\/"}},{"@type":"Person","@id":"https:\/\/mhamichiana.org\/#\/schema\/person\/df99bf76434e5f057395f5e2a0159e1a","name":"MHAM","image":{"@type":"ImageObject","inLanguage":"es","@id":"https:\/\/secure.gravatar.com\/avatar\/fa319975a97d8a1a8d1eabfb8ba3369c2a600df01452f041044fc83fb35103db?s=96&d=mm&r=g","url":"https:\/\/secure.gravatar.com\/avatar\/fa319975a97d8a1a8d1eabfb8ba3369c2a600df01452f041044fc83fb35103db?s=96&d=mm&r=g","contentUrl":"https:\/\/secure.gravatar.com\/avatar\/fa319975a97d8a1a8d1eabfb8ba3369c2a600df01452f041044fc83fb35103db?s=96&d=mm&r=g","caption":"MHAM"},"sameAs":["http:\/\/mhamichiana.org"],"url":"https:\/\/mhamichiana.org\/es\/author\/emily\/"}]}},"_links":{"self":[{"href":"https:\/\/mhamichiana.org\/es\/wp-json\/wp\/v2\/posts\/4517","targetHints":{"allow":["GET"]}}],"collection":[{"href":"https:\/\/mhamichiana.org\/es\/wp-json\/wp\/v2\/posts"}],"about":[{"href":"https:\/\/mhamichiana.org\/es\/wp-json\/wp\/v2\/types\/post"}],"author":[{"embeddable":true,"href":"https:\/\/mhamichiana.org\/es\/wp-json\/wp\/v2\/users\/3"}],"replies":[{"embeddable":true,"href":"https:\/\/mhamichiana.org\/es\/wp-json\/wp\/v2\/comments?post=4517"}],"version-history":[{"count":6,"href":"https:\/\/mhamichiana.org\/es\/wp-json\/wp\/v2\/posts\/4517\/revisions"}],"predecessor-version":[{"id":4525,"href":"https:\/\/mhamichiana.org\/es\/wp-json\/wp\/v2\/posts\/4517\/revisions\/4525"}],"wp:featuredmedia":[{"embeddable":true,"href":"https:\/\/mhamichiana.org\/es\/wp-json\/wp\/v2\/media\/4523"}],"wp:attachment":[{"href":"https:\/\/mhamichiana.org\/es\/wp-json\/wp\/v2\/media?parent=4517"}],"wp:term":[{"taxonomy":"category","embeddable":true,"href":"https:\/\/mhamichiana.org\/es\/wp-json\/wp\/v2\/categories?post=4517"},{"taxonomy":"post_tag","embeddable":true,"href":"https:\/\/mhamichiana.org\/es\/wp-json\/wp\/v2\/tags?post=4517"}],"curies":[{"name":"wp","href":"https:\/\/api.w.org\/{rel}","templated":true}]}}