{"id":4474,"date":"2025-08-29T11:19:35","date_gmt":"2025-08-29T15:19:35","guid":{"rendered":"https:\/\/mhamichiana.org\/?p=4474"},"modified":"2026-04-27T02:23:19","modified_gmt":"2026-04-27T06:23:19","slug":"lisa-kelly-honored-social-worker-of-the-year-in-nasw","status":"publish","type":"post","link":"https:\/\/mhamichiana.org\/es\/lisa-kelly-honored-social-worker-of-the-year-in-nasw\/","title":{"rendered":"Lisa Kelly, directora ejecutiva de MHAM, nombrada Trabajadora Social del A\u00f1o 2025 de Indiana."},"content":{"rendered":"<p class=\"cvGsUA direction-ltr align-start para-style-body\"><span class=\"a_GcMg font-feature-liga-off font-feature-clig-off font-feature-calt-off text-decoration-none text-strikethrough-none\" style=\"color: #385988;\">Mental Health Awareness of Michiana (MHAM) se enorgullece en anunciar que su Director Ejecutivo <span style=\"color: #f95d62;\"><strong>Lisa Kelly<\/strong><\/span> ha sido nombrado el <span style=\"color: #f95d62;\"><strong>Trabajador\/a Social del A\u00f1o 2025<\/strong><\/span> por el <span style=\"color: #ff9f37;\"><a style=\"color: #ff9f37;\" href=\"https:\/\/www.naswin.org\/\">Cap\u00edtulo de Indiana de la Asociaci\u00f3n Nacional de Trabajadores Sociales<\/a><\/span> (<span style=\"color: #ff9f37;\"><a style=\"color: #ff9f37;\" href=\"https:\/\/www.socialworkers.org\/\">NASW<\/a><\/span>Este premio se otorga anualmente a un trabajador social que ejemplifica los valores de la profesi\u00f3n y demuestra un compromiso con el servicio a las personas, las familias y las comunidades.<\/span><\/p>\n<blockquote>\n<p class=\"cvGsUA direction-ltr align-start para-style-body\"><span style=\"color: #97a926;\"><em><span class=\"a_GcMg font-feature-liga-off font-feature-clig-off font-feature-calt-off text-decoration-none text-strikethrough-none\">\u201cEstamos sumamente orgullosos de Lisa y agradecidos por el reconocimiento a su labor\u201d, declar\u00f3 Colleen Wilcox, presidenta de la junta directiva de MHAM. \u201cSu visi\u00f3n y liderazgo han aumentado la concienciaci\u00f3n sobre la salud mental y han generado un cambio significativo para las familias de nuestra regi\u00f3n\u201d.\u201d<\/span><\/em><\/span><\/p>\n<\/blockquote>\n<p class=\"cvGsUA direction-ltr align-start para-style-body\"><span class=\"a_GcMg font-feature-liga-off font-feature-clig-off font-feature-calt-off text-decoration-none text-strikethrough-none\" style=\"color: #385988;\">El anuncio llega en un momento emocionante para MHAM, que organiz\u00f3 su <span style=\"color: #ff9f37;\"><a style=\"color: #ff9f37;\" href=\"https:\/\/mhamichiana.org\/es\/event\/2025-gala-a-night-of-healing-and-hope-along-the-river\/\">a<span style=\"color: #ff9f37;\">nn<\/span>gala ual<\/a><\/span> El 28 de agosto se celebr\u00f3 una jornada para apoyar y celebrar las iniciativas de salud mental en toda la regi\u00f3n. El reconocimiento de Kelly como Trabajadora Social del A\u00f1o subraya la importancia de la misi\u00f3n de MHAM y el impacto de su labor en la construcci\u00f3n de comunidades m\u00e1s sanas y fuertes.<\/span><\/p>\n<blockquote>\n<p class=\"cvGsUA direction-ltr align-start para-style-body\"><span style=\"color: #97a926;\"><em><span class=\"a_GcMg font-feature-liga-off font-feature-clig-off font-feature-calt-off text-decoration-none text-strikethrough-none\">\u201cEl reconocimiento a Lisa es m\u00e1s que merecido. Este honor refleja su incansable dedicaci\u00f3n y el profundo impacto de la misi\u00f3n de MHAM de ampliar la concienciaci\u00f3n, el acceso y la atenci\u00f3n a la salud mental\u201d, a\u00f1adi\u00f3 Taylor Nicoletti, miembro de la junta directiva de MHAM.<\/span><\/em><\/span><\/p>\n<\/blockquote>\n<p class=\"cvGsUA direction-ltr align-start para-style-body\"><span class=\"a_GcMg font-feature-liga-off font-feature-clig-off font-feature-calt-off text-decoration-none text-strikethrough-none\" style=\"color: #385988;\">Este a\u00f1o, el Comit\u00e9 de Premios de la NASW seleccion\u00f3 a dos homenajeadas cuyo impacto se extiende por todo el estado. Lisa ser\u00e1 reconocida junto con Aly Griggs, y se planea una ceremonia de premiaci\u00f3n para finales de este a\u00f1o.<\/span><\/p>\n<p class=\"cvGsUA direction-ltr align-start para-style-body\"><span style=\"color: #385988;\">\u00a1Felicidades, Lisa!<\/span><\/p>\n<hr \/>\n<h3 style=\"text-align: center;\"><span style=\"color: #385988;\"><b>Para obtener m\u00e1s informaci\u00f3n sobre el\u00a0<\/b><b>Asesoramiento Gratuito<\/b><b>, haga clic\u00a0<\/b><span style=\"color: #ff9f37;\"><a style=\"color: #ff9f37;\" href=\"https:\/\/mhamichiana.org\/es\/pro-bono-counseling-project\/\"><b>AQU\u00cd<\/b><\/a><\/span><b>!<\/b><\/span><\/h3>\n<p style=\"text-align: center;\"><span style=\"color: #385988;\"><i>\u00bfTe interesan las oportunidades de voluntariado? Env\u00edanos un correo electr\u00f3nico:<\/i><\/span><\/p>\n<p style=\"text-align: center;\"><strong><span style=\"color: #f95d62;\">info@mhamichiana.org<\/span><\/strong><\/p>\n<p style=\"text-align: center;\"><span style=\"color: #385988;\"><i>\u2192 Para hacer una donaci\u00f3n econ\u00f3mica para apoyar a MHAM, visite:<\/i><\/span><\/p>\n<p style=\"text-align: center;\"><strong><span style=\"color: #ff9f37;\"><a style=\"color: #ff9f37;\" href=\"https:\/\/mhamichiana.org\/es\/donate\/\">Donar<\/a><\/p>\n<p><img fetchpriority=\"high\" decoding=\"async\" class=\"aligncenter size-large wp-image-3856\" src=\"https:\/\/mhamichiana.org\/wp-content\/uploads\/2025\/01\/Footer-for-Blog-Posts-2025-1024x273.png\" alt=\"Footer for Blog Posts 2025\" width=\"800\" height=\"213\" srcset=\"https:\/\/mhamichiana.org\/wp-content\/uploads\/2025\/01\/Footer-for-Blog-Posts-2025-1024x273.png 1024w, https:\/\/mhamichiana.org\/wp-content\/uploads\/2025\/01\/Footer-for-Blog-Posts-2025-300x80.png 300w, https:\/\/mhamichiana.org\/wp-content\/uploads\/2025\/01\/Footer-for-Blog-Posts-2025-768x205.png 768w, https:\/\/mhamichiana.org\/wp-content\/uploads\/2025\/01\/Footer-for-Blog-Posts-2025-18x5.png 18w, https:\/\/mhamichiana.org\/wp-content\/uploads\/2025\/01\/Footer-for-Blog-Posts-2025.png 1500w\" sizes=\"(max-width: 800px) 100vw, 800px\" \/><br \/>\n<\/span><\/strong><\/p>","protected":false},"excerpt":{"rendered":"<p>Mental Health Awareness of Michiana (MHAM) is proud to announce that Executive Director Lisa Kelly has been named the 2025 Social Worker of the Year by the Indiana Chapter of the National Association of Social Workers (NASW). This award is given annually to a social worker who exemplifies the values of the profession and demonstrates [&hellip;]<\/p>\n","protected":false},"author":3,"featured_media":4475,"comment_status":"closed","ping_status":"open","sticky":false,"template":"","format":"standard","meta":{"_monsterinsights_skip_tracking":false,"_monsterinsights_sitenote_active":false,"_monsterinsights_sitenote_note":"","_monsterinsights_sitenote_category":0,"footnotes":""},"categories":[1],"tags":[],"class_list":["post-4474","post","type-post","status-publish","format-standard","has-post-thumbnail","hentry","category-uncategorized"],"yoast_head":"<!-- This site is optimized with the Yoast SEO plugin v27.4 - https:\/\/yoast.com\/product\/yoast-seo-wordpress\/ -->\n<title>MHAM Executive Director Lisa Kelly Named 2025 Indiana Social Worker of the Year - Mental Health Awareness of Michiana<\/title>\n<meta name=\"description\" content=\"Mental Health Awareness of Michiana (MHAM) is proud to announce that Executive Director Lisa Kelly has been named the 2025 Social Worker of the Year by the Indiana Chapter of the National Association of Social Workers (NASW).\" \/>\n<meta name=\"robots\" content=\"index, follow, max-snippet:-1, max-image-preview:large, max-video-preview:-1\" \/>\n<link rel=\"canonical\" href=\"https:\/\/mhamichiana.org\/es\/lisa-kelly-honored-social-worker-of-the-year-in-nasw\/\" \/>\n<meta property=\"og:locale\" content=\"es_MX\" \/>\n<meta property=\"og:type\" content=\"article\" \/>\n<meta property=\"og:title\" content=\"MHAM Executive Director Lisa Kelly Named 2025 Indiana Social Worker of the Year - Mental Health Awareness of Michiana\" \/>\n<meta property=\"og:description\" content=\"Mental Health Awareness of Michiana (MHAM) is proud to announce that Executive Director Lisa Kelly has been named the 2025 Social Worker of the Year by the Indiana Chapter of the National Association of Social Workers (NASW).\" \/>\n<meta property=\"og:url\" content=\"https:\/\/mhamichiana.org\/es\/lisa-kelly-honored-social-worker-of-the-year-in-nasw\/\" \/>\n<meta property=\"og:site_name\" content=\"Mental Health Awareness of Michiana\" \/>\n<meta property=\"article:published_time\" content=\"2025-08-29T15:19:35+00:00\" \/>\n<meta property=\"article:modified_time\" content=\"2026-04-27T06:23:19+00:00\" \/>\n<meta property=\"og:image\" content=\"https:\/\/mhamichiana.org\/wp-content\/uploads\/2025\/08\/Lisa-Kelly-2025-Social-Worker-of-the-Year-newsletter-1024x444.png\" \/>\n\t<meta property=\"og:image:width\" content=\"1024\" \/>\n\t<meta property=\"og:image:height\" content=\"444\" \/>\n\t<meta property=\"og:image:type\" content=\"image\/png\" \/>\n<meta name=\"author\" content=\"MHAM\" \/>\n<meta name=\"twitter:card\" content=\"summary_large_image\" \/>\n<meta name=\"twitter:label1\" content=\"Escrito por\" \/>\n\t<meta name=\"twitter:data1\" content=\"MHAM\" \/>\n\t<meta name=\"twitter:label2\" content=\"Tiempo de lectura\" \/>\n\t<meta name=\"twitter:data2\" content=\"2 minutos\" \/>\n<script type=\"application\/ld+json\" class=\"yoast-schema-graph\">{\"@context\":\"https:\\\/\\\/schema.org\",\"@graph\":[{\"@type\":\"Article\",\"@id\":\"https:\\\/\\\/mhamichiana.org\\\/lisa-kelly-honored-social-worker-of-the-year-in-nasw\\\/#article\",\"isPartOf\":{\"@id\":\"https:\\\/\\\/mhamichiana.org\\\/lisa-kelly-honored-social-worker-of-the-year-in-nasw\\\/\"},\"author\":{\"name\":\"MHAM\",\"@id\":\"https:\\\/\\\/mhamichiana.org\\\/#\\\/schema\\\/person\\\/df99bf76434e5f057395f5e2a0159e1a\"},\"headline\":\"MHAM Executive Director Lisa Kelly Named 2025 Indiana Social Worker of the Year\",\"datePublished\":\"2025-08-29T15:19:35+00:00\",\"dateModified\":\"2026-04-27T06:23:19+00:00\",\"mainEntityOfPage\":{\"@id\":\"https:\\\/\\\/mhamichiana.org\\\/lisa-kelly-honored-social-worker-of-the-year-in-nasw\\\/\"},\"wordCount\":265,\"publisher\":{\"@id\":\"https:\\\/\\\/mhamichiana.org\\\/#organization\"},\"image\":{\"@id\":\"https:\\\/\\\/mhamichiana.org\\\/lisa-kelly-honored-social-worker-of-the-year-in-nasw\\\/#primaryimage\"},\"thumbnailUrl\":\"https:\\\/\\\/mhamichiana.org\\\/wp-content\\\/uploads\\\/2025\\\/08\\\/Lisa-Kelly-2025-Social-Worker-of-the-Year-newsletter.png\",\"articleSection\":[\"Uncategorized\"],\"inLanguage\":\"es\"},{\"@type\":\"WebPage\",\"@id\":\"https:\\\/\\\/mhamichiana.org\\\/lisa-kelly-honored-social-worker-of-the-year-in-nasw\\\/\",\"url\":\"https:\\\/\\\/mhamichiana.org\\\/lisa-kelly-honored-social-worker-of-the-year-in-nasw\\\/\",\"name\":\"MHAM Executive Director Lisa Kelly Named 2025 Indiana Social Worker of the Year - Mental Health Awareness of Michiana\",\"isPartOf\":{\"@id\":\"https:\\\/\\\/mhamichiana.org\\\/#website\"},\"primaryImageOfPage\":{\"@id\":\"https:\\\/\\\/mhamichiana.org\\\/lisa-kelly-honored-social-worker-of-the-year-in-nasw\\\/#primaryimage\"},\"image\":{\"@id\":\"https:\\\/\\\/mhamichiana.org\\\/lisa-kelly-honored-social-worker-of-the-year-in-nasw\\\/#primaryimage\"},\"thumbnailUrl\":\"https:\\\/\\\/mhamichiana.org\\\/wp-content\\\/uploads\\\/2025\\\/08\\\/Lisa-Kelly-2025-Social-Worker-of-the-Year-newsletter.png\",\"datePublished\":\"2025-08-29T15:19:35+00:00\",\"dateModified\":\"2026-04-27T06:23:19+00:00\",\"description\":\"Mental Health Awareness of Michiana (MHAM) is proud to announce that Executive Director Lisa Kelly has been named the 2025 Social Worker of the Year by the Indiana Chapter of the National Association of Social Workers (NASW).\",\"breadcrumb\":{\"@id\":\"https:\\\/\\\/mhamichiana.org\\\/lisa-kelly-honored-social-worker-of-the-year-in-nasw\\\/#breadcrumb\"},\"inLanguage\":\"es\",\"potentialAction\":[{\"@type\":\"ReadAction\",\"target\":[\"https:\\\/\\\/mhamichiana.org\\\/lisa-kelly-honored-social-worker-of-the-year-in-nasw\\\/\"]}]},{\"@type\":\"ImageObject\",\"inLanguage\":\"es\",\"@id\":\"https:\\\/\\\/mhamichiana.org\\\/lisa-kelly-honored-social-worker-of-the-year-in-nasw\\\/#primaryimage\",\"url\":\"https:\\\/\\\/mhamichiana.org\\\/wp-content\\\/uploads\\\/2025\\\/08\\\/Lisa-Kelly-2025-Social-Worker-of-the-Year-newsletter.png\",\"contentUrl\":\"https:\\\/\\\/mhamichiana.org\\\/wp-content\\\/uploads\\\/2025\\\/08\\\/Lisa-Kelly-2025-Social-Worker-of-the-Year-newsletter.png\",\"width\":2250,\"height\":975,\"caption\":\"Lisa Kelly named 2025 Social Worker of the Year in Indiana\"},{\"@type\":\"BreadcrumbList\",\"@id\":\"https:\\\/\\\/mhamichiana.org\\\/lisa-kelly-honored-social-worker-of-the-year-in-nasw\\\/#breadcrumb\",\"itemListElement\":[{\"@type\":\"ListItem\",\"position\":1,\"name\":\"Home\",\"item\":\"https:\\\/\\\/mhamichiana.org\\\/\"},{\"@type\":\"ListItem\",\"position\":2,\"name\":\"MHAM Executive Director Lisa Kelly Named 2025 Indiana Social Worker of the Year\"}]},{\"@type\":\"WebSite\",\"@id\":\"https:\\\/\\\/mhamichiana.org\\\/#website\",\"url\":\"https:\\\/\\\/mhamichiana.org\\\/\",\"name\":\"Mental Health Awareness of Michiana\",\"description\":\"Eliminate Stigma, Build Collaboration, Ensure Access to Care\",\"publisher\":{\"@id\":\"https:\\\/\\\/mhamichiana.org\\\/#organization\"},\"potentialAction\":[{\"@type\":\"SearchAction\",\"target\":{\"@type\":\"EntryPoint\",\"urlTemplate\":\"https:\\\/\\\/mhamichiana.org\\\/?s={search_term_string}\"},\"query-input\":{\"@type\":\"PropertyValueSpecification\",\"valueRequired\":true,\"valueName\":\"search_term_string\"}}],\"inLanguage\":\"es\"},{\"@type\":\"Organization\",\"@id\":\"https:\\\/\\\/mhamichiana.org\\\/#organization\",\"name\":\"Mental Health Awareness of Michiana\",\"url\":\"https:\\\/\\\/mhamichiana.org\\\/\",\"logo\":{\"@type\":\"ImageObject\",\"inLanguage\":\"es\",\"@id\":\"https:\\\/\\\/mhamichiana.org\\\/#\\\/schema\\\/logo\\\/image\\\/\",\"url\":\"https:\\\/\\\/mhamichiana.org\\\/wp-content\\\/uploads\\\/2024\\\/12\\\/MHAM-MHA-White-1.png\",\"contentUrl\":\"https:\\\/\\\/mhamichiana.org\\\/wp-content\\\/uploads\\\/2024\\\/12\\\/MHAM-MHA-White-1.png\",\"width\":2560,\"height\":427,\"caption\":\"Mental Health Awareness of Michiana\"},\"image\":{\"@id\":\"https:\\\/\\\/mhamichiana.org\\\/#\\\/schema\\\/logo\\\/image\\\/\"}},{\"@type\":\"Person\",\"@id\":\"https:\\\/\\\/mhamichiana.org\\\/#\\\/schema\\\/person\\\/df99bf76434e5f057395f5e2a0159e1a\",\"name\":\"MHAM\",\"image\":{\"@type\":\"ImageObject\",\"inLanguage\":\"es\",\"@id\":\"https:\\\/\\\/secure.gravatar.com\\\/avatar\\\/fa319975a97d8a1a8d1eabfb8ba3369c2a600df01452f041044fc83fb35103db?s=96&d=mm&r=g\",\"url\":\"https:\\\/\\\/secure.gravatar.com\\\/avatar\\\/fa319975a97d8a1a8d1eabfb8ba3369c2a600df01452f041044fc83fb35103db?s=96&d=mm&r=g\",\"contentUrl\":\"https:\\\/\\\/secure.gravatar.com\\\/avatar\\\/fa319975a97d8a1a8d1eabfb8ba3369c2a600df01452f041044fc83fb35103db?s=96&d=mm&r=g\",\"caption\":\"MHAM\"},\"sameAs\":[\"http:\\\/\\\/mhamichiana.org\"],\"url\":\"https:\\\/\\\/mhamichiana.org\\\/es\\\/author\\\/emily\\\/\"}]}<\/script>\n<!-- \/ Yoast SEO plugin. -->","yoast_head_json":{"title":"La directora ejecutiva de MHAM, Lisa Kelly, fue nombrada Trabajadora Social del A\u00f1o 2025 de Indiana por Mental Health Awareness of Michiana.","description":"Mental Health Awareness of Michiana (MHAM) se enorgullece en anunciar que su directora ejecutiva, Lisa Kelly, ha sido nombrada Trabajadora Social del A\u00f1o 2025 por la secci\u00f3n de Indiana de la Asociaci\u00f3n Nacional de Trabajadores Sociales (NASW).","robots":{"index":"index","follow":"follow","max-snippet":"max-snippet:-1","max-image-preview":"max-image-preview:large","max-video-preview":"max-video-preview:-1"},"canonical":"https:\/\/mhamichiana.org\/es\/lisa-kelly-honored-social-worker-of-the-year-in-nasw\/","og_locale":"es_MX","og_type":"article","og_title":"MHAM Executive Director Lisa Kelly Named 2025 Indiana Social Worker of the Year - Mental Health Awareness of Michiana","og_description":"Mental Health Awareness of Michiana (MHAM) is proud to announce that Executive Director Lisa Kelly has been named the 2025 Social Worker of the Year by the Indiana Chapter of the National Association of Social Workers (NASW).","og_url":"https:\/\/mhamichiana.org\/es\/lisa-kelly-honored-social-worker-of-the-year-in-nasw\/","og_site_name":"Mental Health Awareness of Michiana","article_published_time":"2025-08-29T15:19:35+00:00","article_modified_time":"2026-04-27T06:23:19+00:00","og_image":[{"width":1024,"height":444,"url":"https:\/\/mhamichiana.org\/wp-content\/uploads\/2025\/08\/Lisa-Kelly-2025-Social-Worker-of-the-Year-newsletter-1024x444.png","type":"image\/png"}],"author":"MHAM","twitter_card":"summary_large_image","twitter_misc":{"Escrito por":"MHAM","Tiempo de lectura":"2 minutos"},"schema":{"@context":"https:\/\/schema.org","@graph":[{"@type":"Article","@id":"https:\/\/mhamichiana.org\/lisa-kelly-honored-social-worker-of-the-year-in-nasw\/#article","isPartOf":{"@id":"https:\/\/mhamichiana.org\/lisa-kelly-honored-social-worker-of-the-year-in-nasw\/"},"author":{"name":"MHAM","@id":"https:\/\/mhamichiana.org\/#\/schema\/person\/df99bf76434e5f057395f5e2a0159e1a"},"headline":"MHAM Executive Director Lisa Kelly Named 2025 Indiana Social Worker of the Year","datePublished":"2025-08-29T15:19:35+00:00","dateModified":"2026-04-27T06:23:19+00:00","mainEntityOfPage":{"@id":"https:\/\/mhamichiana.org\/lisa-kelly-honored-social-worker-of-the-year-in-nasw\/"},"wordCount":265,"publisher":{"@id":"https:\/\/mhamichiana.org\/#organization"},"image":{"@id":"https:\/\/mhamichiana.org\/lisa-kelly-honored-social-worker-of-the-year-in-nasw\/#primaryimage"},"thumbnailUrl":"https:\/\/mhamichiana.org\/wp-content\/uploads\/2025\/08\/Lisa-Kelly-2025-Social-Worker-of-the-Year-newsletter.png","articleSection":["Uncategorized"],"inLanguage":"es"},{"@type":"WebPage","@id":"https:\/\/mhamichiana.org\/lisa-kelly-honored-social-worker-of-the-year-in-nasw\/","url":"https:\/\/mhamichiana.org\/lisa-kelly-honored-social-worker-of-the-year-in-nasw\/","name":"La directora ejecutiva de MHAM, Lisa Kelly, fue nombrada Trabajadora Social del A\u00f1o 2025 de Indiana por Mental Health Awareness of Michiana.","isPartOf":{"@id":"https:\/\/mhamichiana.org\/#website"},"primaryImageOfPage":{"@id":"https:\/\/mhamichiana.org\/lisa-kelly-honored-social-worker-of-the-year-in-nasw\/#primaryimage"},"image":{"@id":"https:\/\/mhamichiana.org\/lisa-kelly-honored-social-worker-of-the-year-in-nasw\/#primaryimage"},"thumbnailUrl":"https:\/\/mhamichiana.org\/wp-content\/uploads\/2025\/08\/Lisa-Kelly-2025-Social-Worker-of-the-Year-newsletter.png","datePublished":"2025-08-29T15:19:35+00:00","dateModified":"2026-04-27T06:23:19+00:00","description":"Mental Health Awareness of Michiana (MHAM) se enorgullece en anunciar que su directora ejecutiva, Lisa Kelly, ha sido nombrada Trabajadora Social del A\u00f1o 2025 por la secci\u00f3n de Indiana de la Asociaci\u00f3n Nacional de Trabajadores Sociales (NASW).","breadcrumb":{"@id":"https:\/\/mhamichiana.org\/lisa-kelly-honored-social-worker-of-the-year-in-nasw\/#breadcrumb"},"inLanguage":"es","potentialAction":[{"@type":"ReadAction","target":["https:\/\/mhamichiana.org\/lisa-kelly-honored-social-worker-of-the-year-in-nasw\/"]}]},{"@type":"ImageObject","inLanguage":"es","@id":"https:\/\/mhamichiana.org\/lisa-kelly-honored-social-worker-of-the-year-in-nasw\/#primaryimage","url":"https:\/\/mhamichiana.org\/wp-content\/uploads\/2025\/08\/Lisa-Kelly-2025-Social-Worker-of-the-Year-newsletter.png","contentUrl":"https:\/\/mhamichiana.org\/wp-content\/uploads\/2025\/08\/Lisa-Kelly-2025-Social-Worker-of-the-Year-newsletter.png","width":2250,"height":975,"caption":"Lisa Kelly named 2025 Social Worker of the Year in Indiana"},{"@type":"BreadcrumbList","@id":"https:\/\/mhamichiana.org\/lisa-kelly-honored-social-worker-of-the-year-in-nasw\/#breadcrumb","itemListElement":[{"@type":"ListItem","position":1,"name":"Home","item":"https:\/\/mhamichiana.org\/"},{"@type":"ListItem","position":2,"name":"MHAM Executive Director Lisa Kelly Named 2025 Indiana Social Worker of the Year"}]},{"@type":"WebSite","@id":"https:\/\/mhamichiana.org\/#website","url":"https:\/\/mhamichiana.org\/","name":"Concientizaci\u00f3n sobre la salud mental en Michiana","description":"Eliminar el estigma, fomentar la colaboraci\u00f3n y garantizar el acceso a la atenci\u00f3n m\u00e9dica.","publisher":{"@id":"https:\/\/mhamichiana.org\/#organization"},"potentialAction":[{"@type":"SearchAction","target":{"@type":"EntryPoint","urlTemplate":"https:\/\/mhamichiana.org\/?s={search_term_string}"},"query-input":{"@type":"PropertyValueSpecification","valueRequired":true,"valueName":"search_term_string"}}],"inLanguage":"es"},{"@type":"Organization","@id":"https:\/\/mhamichiana.org\/#organization","name":"Concientizaci\u00f3n sobre la salud mental en Michiana","url":"https:\/\/mhamichiana.org\/","logo":{"@type":"ImageObject","inLanguage":"es","@id":"https:\/\/mhamichiana.org\/#\/schema\/logo\/image\/","url":"https:\/\/mhamichiana.org\/wp-content\/uploads\/2024\/12\/MHAM-MHA-White-1.png","contentUrl":"https:\/\/mhamichiana.org\/wp-content\/uploads\/2024\/12\/MHAM-MHA-White-1.png","width":2560,"height":427,"caption":"Mental Health Awareness of Michiana"},"image":{"@id":"https:\/\/mhamichiana.org\/#\/schema\/logo\/image\/"}},{"@type":"Person","@id":"https:\/\/mhamichiana.org\/#\/schema\/person\/df99bf76434e5f057395f5e2a0159e1a","name":"MHAM","image":{"@type":"ImageObject","inLanguage":"es","@id":"https:\/\/secure.gravatar.com\/avatar\/fa319975a97d8a1a8d1eabfb8ba3369c2a600df01452f041044fc83fb35103db?s=96&d=mm&r=g","url":"https:\/\/secure.gravatar.com\/avatar\/fa319975a97d8a1a8d1eabfb8ba3369c2a600df01452f041044fc83fb35103db?s=96&d=mm&r=g","contentUrl":"https:\/\/secure.gravatar.com\/avatar\/fa319975a97d8a1a8d1eabfb8ba3369c2a600df01452f041044fc83fb35103db?s=96&d=mm&r=g","caption":"MHAM"},"sameAs":["http:\/\/mhamichiana.org"],"url":"https:\/\/mhamichiana.org\/es\/author\/emily\/"}]}},"_links":{"self":[{"href":"https:\/\/mhamichiana.org\/es\/wp-json\/wp\/v2\/posts\/4474","targetHints":{"allow":["GET"]}}],"collection":[{"href":"https:\/\/mhamichiana.org\/es\/wp-json\/wp\/v2\/posts"}],"about":[{"href":"https:\/\/mhamichiana.org\/es\/wp-json\/wp\/v2\/types\/post"}],"author":[{"embeddable":true,"href":"https:\/\/mhamichiana.org\/es\/wp-json\/wp\/v2\/users\/3"}],"replies":[{"embeddable":true,"href":"https:\/\/mhamichiana.org\/es\/wp-json\/wp\/v2\/comments?post=4474"}],"version-history":[{"count":4,"href":"https:\/\/mhamichiana.org\/es\/wp-json\/wp\/v2\/posts\/4474\/revisions"}],"predecessor-version":[{"id":4479,"href":"https:\/\/mhamichiana.org\/es\/wp-json\/wp\/v2\/posts\/4474\/revisions\/4479"}],"wp:featuredmedia":[{"embeddable":true,"href":"https:\/\/mhamichiana.org\/es\/wp-json\/wp\/v2\/media\/4475"}],"wp:attachment":[{"href":"https:\/\/mhamichiana.org\/es\/wp-json\/wp\/v2\/media?parent=4474"}],"wp:term":[{"taxonomy":"category","embeddable":true,"href":"https:\/\/mhamichiana.org\/es\/wp-json\/wp\/v2\/categories?post=4474"},{"taxonomy":"post_tag","embeddable":true,"href":"https:\/\/mhamichiana.org\/es\/wp-json\/wp\/v2\/tags?post=4474"}],"curies":[{"name":"wp","href":"https:\/\/api.w.org\/{rel}","templated":true}]}}