{"id":4394,"date":"2025-07-01T21:19:07","date_gmt":"2025-07-02T01:19:07","guid":{"rendered":"https:\/\/mhamichiana.org\/?p=4394"},"modified":"2026-04-27T02:23:19","modified_gmt":"2026-04-27T06:23:19","slug":"2nd-maternal-mental-health-fellowship","status":"publish","type":"post","link":"https:\/\/mhamichiana.org\/es\/2nd-maternal-mental-health-fellowship\/","title":{"rendered":"MHAM est\u00e1 reclutando para el programa de becas de Salud Mental Materna."},"content":{"rendered":"<div dir=\"auto\">\n<h3 style=\"text-align: center;\"><b><span style=\"color: #385988;\">Ya se aceptan solicitudes para MHAM.<\/span>\u00a0<\/b><span style=\"color: #f95d62;\"><b>\u00a1Beca de especializaci\u00f3n en salud mental materna!<\/b><\/span><\/h3>\n<p><span style=\"color: #385988;\">Indiana ocupa el puesto 44 en los Estados Unidos en cuanto a disponibilidad de personal de salud mental, con una asombrosa proporci\u00f3n de 530 residentes por profesional de la salud mental (<span style=\"color: #ff9f37;\"><em><a style=\"color: #ff9f37;\" href=\"https:\/\/mhanational.org\/issues\/2024\/mental-health-america-access-care-data#ten\">Datos sobre el acceso a la atenci\u00f3n m\u00e9dica 2024 | Salud Mental en Estados Unidos<\/a><\/em><\/span>Esta deficiencia es especialmente preocupante en la salud mental materna, donde las complicaciones son frecuentes y altamente tratables.<\/span><\/p>\n<p><span style=\"color: #385988;\">Entre el 151 % y el 20 % de las mujeres embarazadas y pu\u00e9rperas experimentan trastornos de salud mental diagnosticables; sin embargo, muy pocos profesionales est\u00e1n capacitados para abordar estos trastornos del estado de \u00e1nimo perinatales. Las mujeres pertenecientes a grupos hist\u00f3ricamente marginados suelen enfrentar barreras adicionales para acceder a una atenci\u00f3n de salud mental eficaz, lo que genera desigualdades en el tratamiento y los resultados.<\/span><\/p>\n<p><span style=\"color: #385988;\">Durante los \u00faltimos cuatro a\u00f1os,\u00a0<strong>Concientizaci\u00f3n sobre la salud mental en Michiana<\/strong>\u00a0ha estado en una misi\u00f3n para cerrar estas brechas. Al traer capacitadores expertos a Michiana, MHAM ha trabajado para crear conciencia sobre <span style=\"color: #ff9f37;\"><a style=\"color: #ff9f37;\" href=\"https:\/\/mhamichiana.org\/es\/maternal-mental-health\/\">salud mental perinatal<\/a><\/span> y desarrollar la capacidad local. Para abordar la creciente demanda de m\u00e9dicos capacitados, MHAM lanz\u00f3 el\u00a0<span style=\"color: #f95d62;\"><strong>Mente materna<span style=\"color: #f95d62;\">a<\/span>l H<span style=\"color: #f95d62;\">cada uno<\/span>l\u00aa beca. <\/strong><\/span><span style=\"font-weight: 400;\">Este programa de formaci\u00f3n integral est\u00e1 dise\u00f1ado para profesionales del trabajo social y la orientaci\u00f3n psicol\u00f3gica que se encuentran en las primeras etapas de su carrera y que buscan una especializaci\u00f3n en el \u00e1mbito perinatal.<\/span><\/span><\/p>\n<blockquote><p><em><span style=\"color: #97a926;\">\u201cEsta es una oportunidad \u00fanica para los profesionales de la salud en Michiana que sienten pasi\u00f3n por trabajar con mujeres embarazadas y pu\u00e9rperas, as\u00ed como con sus familias\u201d, afirma Lisa Kelly, especialista en atenci\u00f3n perinatal y directora ejecutiva de MHAM. \u201cEste trabajo tiene el potencial de generar un impacto generacional. Los padres que atraviesan dificultades necesitan asesoramiento eficaz que les ayude a superar un momento estresante. Nuestros becarios reciben capacitaci\u00f3n y supervisi\u00f3n valoradas en m\u00e1s de 1000 d\u00f3lares. La comunidad se beneficia cuando aumentamos el n\u00famero de profesionales que atienden a la comunidad local, tanto a corto como a largo plazo, lo que contribuye a la salud y la felicidad de las familias\u201d.\u201d<\/span><\/em><\/p><\/blockquote>\n<\/div>\n<p><span style=\"font-weight: 400; color: #385988;\">Cada cohorte tiene una duraci\u00f3n de 6 meses. Los becarios reciben de 3 a 5 horas semanales de capacitaci\u00f3n intensiva, experiencia cl\u00ednica perinatal y supervisi\u00f3n cl\u00ednica semanal. Adem\u00e1s, brindan asesoramiento a mujeres embarazadas o en el posparto que enfrentan barreras econ\u00f3micas y de otro tipo para acceder a la atenci\u00f3n m\u00e9dica.<\/span><\/p>\n<blockquote><p><em><span style=\"font-weight: 400; color: #97a926;\">\u201c\u00a1Much\u00edsimas gracias por esta oportunidad!\u201d, dice Olivia Morris, participante de una edici\u00f3n anterior del programa. \u201cDe verdad, me ha ayudado mucho a ganar confianza en mis habilidades como terapeuta. Cuando empec\u00e9 mi maestr\u00eda en Trabajo Social, no cre\u00eda que quisiera ofrecer terapia, pero esta experiencia me ayud\u00f3 a darme cuenta de lo mucho que me gusta la terapia individual. A lo largo de esta beca, me he sentido mucho m\u00e1s c\u00f3moda ofreciendo terapia y conf\u00edo en que podr\u00e9 trabajar con una amplia gama de pacientes perinatales\u201d.\u201d<\/span><\/em><\/p><\/blockquote>\n<p><span style=\"font-weight: 400; color: #385988;\">\u00a1\u00danete a nosotros en una sesi\u00f3n informativa general para descubrir si nuestro pr\u00f3ximo grupo de participantes es el adecuado para ti!\u00a0<\/span><\/p>\n<p><span style=\"color: #385988;\"><span style=\"font-weight: 400;\">Env\u00edenos un correo electr\u00f3nico a <\/span><span style=\"color: #f95d62;\"><b>info@mhamichiana.org<\/b><\/span><span style=\"font-weight: 400;\">\u00a0Para inscribirse en una sesi\u00f3n informativa general (virtual):<\/span><\/span><\/p>\n<ul>\n<li style=\"font-weight: 400;\" aria-level=\"1\"><strong><span style=\"color: #385988;\">Mi\u00e9rcoles, 16\/7\/2025<\/span><\/strong><\/li>\n<li style=\"font-weight: 400;\" aria-level=\"1\"><span style=\"font-weight: 400;\"><span style=\"font-weight: 400;\"><strong><span style=\"color: #385988;\">12:00 \u2013 12:45 p. m.<\/span><\/strong><\/span><\/span><span style=\"font-weight: 400;\">\u00a0<\/span><\/li>\n<\/ul>\n<p><img fetchpriority=\"high\" decoding=\"async\" class=\"aligncenter size-large wp-image-3856\" src=\"https:\/\/mhamichiana.org\/wp-content\/uploads\/2025\/01\/Footer-for-Blog-Posts-2025-1024x273.png\" alt=\"Footer for Blog Posts 2025\" width=\"800\" height=\"213\" srcset=\"https:\/\/mhamichiana.org\/wp-content\/uploads\/2025\/01\/Footer-for-Blog-Posts-2025-1024x273.png 1024w, https:\/\/mhamichiana.org\/wp-content\/uploads\/2025\/01\/Footer-for-Blog-Posts-2025-300x80.png 300w, https:\/\/mhamichiana.org\/wp-content\/uploads\/2025\/01\/Footer-for-Blog-Posts-2025-768x205.png 768w, https:\/\/mhamichiana.org\/wp-content\/uploads\/2025\/01\/Footer-for-Blog-Posts-2025-18x5.png 18w, https:\/\/mhamichiana.org\/wp-content\/uploads\/2025\/01\/Footer-for-Blog-Posts-2025.png 1500w\" sizes=\"(max-width: 800px) 100vw, 800px\" \/><\/p>","protected":false},"excerpt":{"rendered":"<p>Applications now being accepted for MHAM\u2019s\u00a0Maternal Mental Health Fellowship! Indiana ranks 44th in the United States for mental health workforce availability, with a staggering ratio of 530 residents per mental health professional (Access to Care Data 2024 | Mental Health America). This shortfall is especially concerning in maternal mental health, where complications are both common [&hellip;]<\/p>\n","protected":false},"author":3,"featured_media":4406,"comment_status":"closed","ping_status":"open","sticky":false,"template":"","format":"standard","meta":{"_monsterinsights_skip_tracking":false,"_monsterinsights_sitenote_active":false,"_monsterinsights_sitenote_note":"","_monsterinsights_sitenote_category":0,"footnotes":""},"categories":[26,11],"tags":[],"class_list":["post-4394","post","type-post","status-publish","format-standard","has-post-thumbnail","hentry","category-news","category-webinar"],"yoast_head":"<!-- This site is optimized with the Yoast SEO plugin v27.4 - https:\/\/yoast.com\/product\/yoast-seo-wordpress\/ -->\n<title>MHAM recruiting for Maternal Mental Health Fellowship - Mental Health Awareness of Michiana<\/title>\n<meta name=\"robots\" content=\"index, follow, max-snippet:-1, max-image-preview:large, max-video-preview:-1\" \/>\n<link rel=\"canonical\" href=\"https:\/\/mhamichiana.org\/es\/2nd-maternal-mental-health-fellowship\/\" \/>\n<meta property=\"og:locale\" content=\"es_MX\" \/>\n<meta property=\"og:type\" content=\"article\" \/>\n<meta property=\"og:title\" content=\"MHAM recruiting for Maternal Mental Health Fellowship - Mental Health Awareness of Michiana\" \/>\n<meta property=\"og:description\" content=\"Applications now being accepted for MHAM\u2019s\u00a0Maternal Mental Health Fellowship! Indiana ranks 44th in the United States for mental health workforce availability, with a staggering ratio of 530 residents per mental health professional (Access to Care Data 2024 | Mental Health America). This shortfall is especially concerning in maternal mental health, where complications are both common [&hellip;]\" \/>\n<meta property=\"og:url\" content=\"https:\/\/mhamichiana.org\/es\/2nd-maternal-mental-health-fellowship\/\" \/>\n<meta property=\"og:site_name\" content=\"Mental Health Awareness of Michiana\" \/>\n<meta property=\"article:published_time\" content=\"2025-07-02T01:19:07+00:00\" \/>\n<meta property=\"article:modified_time\" content=\"2026-04-27T06:23:19+00:00\" \/>\n<meta property=\"og:image\" content=\"https:\/\/mhamichiana.org\/wp-content\/uploads\/2025\/07\/MHAM-Maternal-MH-Fellowship-newsletter.png\" \/>\n\t<meta property=\"og:image:width\" content=\"1800\" \/>\n\t<meta property=\"og:image:height\" content=\"1200\" \/>\n\t<meta property=\"og:image:type\" content=\"image\/png\" \/>\n<meta name=\"author\" content=\"MHAM\" \/>\n<meta name=\"twitter:card\" content=\"summary_large_image\" \/>\n<meta name=\"twitter:label1\" content=\"Escrito por\" \/>\n\t<meta name=\"twitter:data1\" content=\"MHAM\" \/>\n\t<meta name=\"twitter:label2\" content=\"Tiempo de lectura\" \/>\n\t<meta name=\"twitter:data2\" content=\"2 minutos\" \/>\n<script type=\"application\/ld+json\" class=\"yoast-schema-graph\">{\"@context\":\"https:\\\/\\\/schema.org\",\"@graph\":[{\"@type\":\"Article\",\"@id\":\"https:\\\/\\\/mhamichiana.org\\\/2nd-maternal-mental-health-fellowship\\\/#article\",\"isPartOf\":{\"@id\":\"https:\\\/\\\/mhamichiana.org\\\/2nd-maternal-mental-health-fellowship\\\/\"},\"author\":{\"name\":\"MHAM\",\"@id\":\"https:\\\/\\\/mhamichiana.org\\\/#\\\/schema\\\/person\\\/df99bf76434e5f057395f5e2a0159e1a\"},\"headline\":\"MHAM recruiting for Maternal Mental Health Fellowship\",\"datePublished\":\"2025-07-02T01:19:07+00:00\",\"dateModified\":\"2026-04-27T06:23:19+00:00\",\"mainEntityOfPage\":{\"@id\":\"https:\\\/\\\/mhamichiana.org\\\/2nd-maternal-mental-health-fellowship\\\/\"},\"wordCount\":431,\"publisher\":{\"@id\":\"https:\\\/\\\/mhamichiana.org\\\/#organization\"},\"image\":{\"@id\":\"https:\\\/\\\/mhamichiana.org\\\/2nd-maternal-mental-health-fellowship\\\/#primaryimage\"},\"thumbnailUrl\":\"https:\\\/\\\/mhamichiana.org\\\/wp-content\\\/uploads\\\/2025\\\/07\\\/MHAM-Maternal-MH-Fellowship-newsletter.png\",\"articleSection\":[\"News\",\"Webinar\"],\"inLanguage\":\"es\"},{\"@type\":\"WebPage\",\"@id\":\"https:\\\/\\\/mhamichiana.org\\\/2nd-maternal-mental-health-fellowship\\\/\",\"url\":\"https:\\\/\\\/mhamichiana.org\\\/2nd-maternal-mental-health-fellowship\\\/\",\"name\":\"MHAM recruiting for Maternal Mental Health Fellowship - Mental Health Awareness of Michiana\",\"isPartOf\":{\"@id\":\"https:\\\/\\\/mhamichiana.org\\\/#website\"},\"primaryImageOfPage\":{\"@id\":\"https:\\\/\\\/mhamichiana.org\\\/2nd-maternal-mental-health-fellowship\\\/#primaryimage\"},\"image\":{\"@id\":\"https:\\\/\\\/mhamichiana.org\\\/2nd-maternal-mental-health-fellowship\\\/#primaryimage\"},\"thumbnailUrl\":\"https:\\\/\\\/mhamichiana.org\\\/wp-content\\\/uploads\\\/2025\\\/07\\\/MHAM-Maternal-MH-Fellowship-newsletter.png\",\"datePublished\":\"2025-07-02T01:19:07+00:00\",\"dateModified\":\"2026-04-27T06:23:19+00:00\",\"breadcrumb\":{\"@id\":\"https:\\\/\\\/mhamichiana.org\\\/2nd-maternal-mental-health-fellowship\\\/#breadcrumb\"},\"inLanguage\":\"es\",\"potentialAction\":[{\"@type\":\"ReadAction\",\"target\":[\"https:\\\/\\\/mhamichiana.org\\\/2nd-maternal-mental-health-fellowship\\\/\"]}]},{\"@type\":\"ImageObject\",\"inLanguage\":\"es\",\"@id\":\"https:\\\/\\\/mhamichiana.org\\\/2nd-maternal-mental-health-fellowship\\\/#primaryimage\",\"url\":\"https:\\\/\\\/mhamichiana.org\\\/wp-content\\\/uploads\\\/2025\\\/07\\\/MHAM-Maternal-MH-Fellowship-newsletter.png\",\"contentUrl\":\"https:\\\/\\\/mhamichiana.org\\\/wp-content\\\/uploads\\\/2025\\\/07\\\/MHAM-Maternal-MH-Fellowship-newsletter.png\",\"width\":1800,\"height\":1200,\"caption\":\"MHAM Maternal Mental Health Fellowship 2nd Cohort\"},{\"@type\":\"BreadcrumbList\",\"@id\":\"https:\\\/\\\/mhamichiana.org\\\/2nd-maternal-mental-health-fellowship\\\/#breadcrumb\",\"itemListElement\":[{\"@type\":\"ListItem\",\"position\":1,\"name\":\"Home\",\"item\":\"https:\\\/\\\/mhamichiana.org\\\/\"},{\"@type\":\"ListItem\",\"position\":2,\"name\":\"MHAM recruiting for Maternal Mental Health Fellowship\"}]},{\"@type\":\"WebSite\",\"@id\":\"https:\\\/\\\/mhamichiana.org\\\/#website\",\"url\":\"https:\\\/\\\/mhamichiana.org\\\/\",\"name\":\"Mental Health Awareness of Michiana\",\"description\":\"Eliminate Stigma, Build Collaboration, Ensure Access to Care\",\"publisher\":{\"@id\":\"https:\\\/\\\/mhamichiana.org\\\/#organization\"},\"potentialAction\":[{\"@type\":\"SearchAction\",\"target\":{\"@type\":\"EntryPoint\",\"urlTemplate\":\"https:\\\/\\\/mhamichiana.org\\\/?s={search_term_string}\"},\"query-input\":{\"@type\":\"PropertyValueSpecification\",\"valueRequired\":true,\"valueName\":\"search_term_string\"}}],\"inLanguage\":\"es\"},{\"@type\":\"Organization\",\"@id\":\"https:\\\/\\\/mhamichiana.org\\\/#organization\",\"name\":\"Mental Health Awareness of Michiana\",\"url\":\"https:\\\/\\\/mhamichiana.org\\\/\",\"logo\":{\"@type\":\"ImageObject\",\"inLanguage\":\"es\",\"@id\":\"https:\\\/\\\/mhamichiana.org\\\/#\\\/schema\\\/logo\\\/image\\\/\",\"url\":\"https:\\\/\\\/mhamichiana.org\\\/wp-content\\\/uploads\\\/2024\\\/12\\\/MHAM-MHA-White-1.png\",\"contentUrl\":\"https:\\\/\\\/mhamichiana.org\\\/wp-content\\\/uploads\\\/2024\\\/12\\\/MHAM-MHA-White-1.png\",\"width\":2560,\"height\":427,\"caption\":\"Mental Health Awareness of Michiana\"},\"image\":{\"@id\":\"https:\\\/\\\/mhamichiana.org\\\/#\\\/schema\\\/logo\\\/image\\\/\"}},{\"@type\":\"Person\",\"@id\":\"https:\\\/\\\/mhamichiana.org\\\/#\\\/schema\\\/person\\\/df99bf76434e5f057395f5e2a0159e1a\",\"name\":\"MHAM\",\"image\":{\"@type\":\"ImageObject\",\"inLanguage\":\"es\",\"@id\":\"https:\\\/\\\/secure.gravatar.com\\\/avatar\\\/fa319975a97d8a1a8d1eabfb8ba3369c2a600df01452f041044fc83fb35103db?s=96&d=mm&r=g\",\"url\":\"https:\\\/\\\/secure.gravatar.com\\\/avatar\\\/fa319975a97d8a1a8d1eabfb8ba3369c2a600df01452f041044fc83fb35103db?s=96&d=mm&r=g\",\"contentUrl\":\"https:\\\/\\\/secure.gravatar.com\\\/avatar\\\/fa319975a97d8a1a8d1eabfb8ba3369c2a600df01452f041044fc83fb35103db?s=96&d=mm&r=g\",\"caption\":\"MHAM\"},\"sameAs\":[\"http:\\\/\\\/mhamichiana.org\"],\"url\":\"https:\\\/\\\/mhamichiana.org\\\/es\\\/author\\\/emily\\\/\"}]}<\/script>\n<!-- \/ Yoast SEO plugin. -->","yoast_head_json":{"title":"MHAM est\u00e1 reclutando para el Programa de Becas de Salud Mental Materna - Concientizaci\u00f3n sobre la Salud Mental de Michiana","robots":{"index":"index","follow":"follow","max-snippet":"max-snippet:-1","max-image-preview":"max-image-preview:large","max-video-preview":"max-video-preview:-1"},"canonical":"https:\/\/mhamichiana.org\/es\/2nd-maternal-mental-health-fellowship\/","og_locale":"es_MX","og_type":"article","og_title":"MHAM recruiting for Maternal Mental Health Fellowship - Mental Health Awareness of Michiana","og_description":"Applications now being accepted for MHAM\u2019s\u00a0Maternal Mental Health Fellowship! Indiana ranks 44th in the United States for mental health workforce availability, with a staggering ratio of 530 residents per mental health professional (Access to Care Data 2024 | Mental Health America). This shortfall is especially concerning in maternal mental health, where complications are both common [&hellip;]","og_url":"https:\/\/mhamichiana.org\/es\/2nd-maternal-mental-health-fellowship\/","og_site_name":"Mental Health Awareness of Michiana","article_published_time":"2025-07-02T01:19:07+00:00","article_modified_time":"2026-04-27T06:23:19+00:00","og_image":[{"width":1800,"height":1200,"url":"https:\/\/mhamichiana.org\/wp-content\/uploads\/2025\/07\/MHAM-Maternal-MH-Fellowship-newsletter.png","type":"image\/png"}],"author":"MHAM","twitter_card":"summary_large_image","twitter_misc":{"Escrito por":"MHAM","Tiempo de lectura":"2 minutos"},"schema":{"@context":"https:\/\/schema.org","@graph":[{"@type":"Article","@id":"https:\/\/mhamichiana.org\/2nd-maternal-mental-health-fellowship\/#article","isPartOf":{"@id":"https:\/\/mhamichiana.org\/2nd-maternal-mental-health-fellowship\/"},"author":{"name":"MHAM","@id":"https:\/\/mhamichiana.org\/#\/schema\/person\/df99bf76434e5f057395f5e2a0159e1a"},"headline":"MHAM recruiting for Maternal Mental Health Fellowship","datePublished":"2025-07-02T01:19:07+00:00","dateModified":"2026-04-27T06:23:19+00:00","mainEntityOfPage":{"@id":"https:\/\/mhamichiana.org\/2nd-maternal-mental-health-fellowship\/"},"wordCount":431,"publisher":{"@id":"https:\/\/mhamichiana.org\/#organization"},"image":{"@id":"https:\/\/mhamichiana.org\/2nd-maternal-mental-health-fellowship\/#primaryimage"},"thumbnailUrl":"https:\/\/mhamichiana.org\/wp-content\/uploads\/2025\/07\/MHAM-Maternal-MH-Fellowship-newsletter.png","articleSection":["News","Webinar"],"inLanguage":"es"},{"@type":"WebPage","@id":"https:\/\/mhamichiana.org\/2nd-maternal-mental-health-fellowship\/","url":"https:\/\/mhamichiana.org\/2nd-maternal-mental-health-fellowship\/","name":"MHAM est\u00e1 reclutando para el Programa de Becas de Salud Mental Materna - Concientizaci\u00f3n sobre la Salud Mental de Michiana","isPartOf":{"@id":"https:\/\/mhamichiana.org\/#website"},"primaryImageOfPage":{"@id":"https:\/\/mhamichiana.org\/2nd-maternal-mental-health-fellowship\/#primaryimage"},"image":{"@id":"https:\/\/mhamichiana.org\/2nd-maternal-mental-health-fellowship\/#primaryimage"},"thumbnailUrl":"https:\/\/mhamichiana.org\/wp-content\/uploads\/2025\/07\/MHAM-Maternal-MH-Fellowship-newsletter.png","datePublished":"2025-07-02T01:19:07+00:00","dateModified":"2026-04-27T06:23:19+00:00","breadcrumb":{"@id":"https:\/\/mhamichiana.org\/2nd-maternal-mental-health-fellowship\/#breadcrumb"},"inLanguage":"es","potentialAction":[{"@type":"ReadAction","target":["https:\/\/mhamichiana.org\/2nd-maternal-mental-health-fellowship\/"]}]},{"@type":"ImageObject","inLanguage":"es","@id":"https:\/\/mhamichiana.org\/2nd-maternal-mental-health-fellowship\/#primaryimage","url":"https:\/\/mhamichiana.org\/wp-content\/uploads\/2025\/07\/MHAM-Maternal-MH-Fellowship-newsletter.png","contentUrl":"https:\/\/mhamichiana.org\/wp-content\/uploads\/2025\/07\/MHAM-Maternal-MH-Fellowship-newsletter.png","width":1800,"height":1200,"caption":"MHAM Maternal Mental Health Fellowship 2nd Cohort"},{"@type":"BreadcrumbList","@id":"https:\/\/mhamichiana.org\/2nd-maternal-mental-health-fellowship\/#breadcrumb","itemListElement":[{"@type":"ListItem","position":1,"name":"Home","item":"https:\/\/mhamichiana.org\/"},{"@type":"ListItem","position":2,"name":"MHAM recruiting for Maternal Mental Health Fellowship"}]},{"@type":"WebSite","@id":"https:\/\/mhamichiana.org\/#website","url":"https:\/\/mhamichiana.org\/","name":"Concientizaci\u00f3n sobre la salud mental en Michiana","description":"Eliminar el estigma, fomentar la colaboraci\u00f3n y garantizar el acceso a la atenci\u00f3n m\u00e9dica.","publisher":{"@id":"https:\/\/mhamichiana.org\/#organization"},"potentialAction":[{"@type":"SearchAction","target":{"@type":"EntryPoint","urlTemplate":"https:\/\/mhamichiana.org\/?s={search_term_string}"},"query-input":{"@type":"PropertyValueSpecification","valueRequired":true,"valueName":"search_term_string"}}],"inLanguage":"es"},{"@type":"Organization","@id":"https:\/\/mhamichiana.org\/#organization","name":"Concientizaci\u00f3n sobre la salud mental en Michiana","url":"https:\/\/mhamichiana.org\/","logo":{"@type":"ImageObject","inLanguage":"es","@id":"https:\/\/mhamichiana.org\/#\/schema\/logo\/image\/","url":"https:\/\/mhamichiana.org\/wp-content\/uploads\/2024\/12\/MHAM-MHA-White-1.png","contentUrl":"https:\/\/mhamichiana.org\/wp-content\/uploads\/2024\/12\/MHAM-MHA-White-1.png","width":2560,"height":427,"caption":"Mental Health Awareness of Michiana"},"image":{"@id":"https:\/\/mhamichiana.org\/#\/schema\/logo\/image\/"}},{"@type":"Person","@id":"https:\/\/mhamichiana.org\/#\/schema\/person\/df99bf76434e5f057395f5e2a0159e1a","name":"MHAM","image":{"@type":"ImageObject","inLanguage":"es","@id":"https:\/\/secure.gravatar.com\/avatar\/fa319975a97d8a1a8d1eabfb8ba3369c2a600df01452f041044fc83fb35103db?s=96&d=mm&r=g","url":"https:\/\/secure.gravatar.com\/avatar\/fa319975a97d8a1a8d1eabfb8ba3369c2a600df01452f041044fc83fb35103db?s=96&d=mm&r=g","contentUrl":"https:\/\/secure.gravatar.com\/avatar\/fa319975a97d8a1a8d1eabfb8ba3369c2a600df01452f041044fc83fb35103db?s=96&d=mm&r=g","caption":"MHAM"},"sameAs":["http:\/\/mhamichiana.org"],"url":"https:\/\/mhamichiana.org\/es\/author\/emily\/"}]}},"_links":{"self":[{"href":"https:\/\/mhamichiana.org\/es\/wp-json\/wp\/v2\/posts\/4394","targetHints":{"allow":["GET"]}}],"collection":[{"href":"https:\/\/mhamichiana.org\/es\/wp-json\/wp\/v2\/posts"}],"about":[{"href":"https:\/\/mhamichiana.org\/es\/wp-json\/wp\/v2\/types\/post"}],"author":[{"embeddable":true,"href":"https:\/\/mhamichiana.org\/es\/wp-json\/wp\/v2\/users\/3"}],"replies":[{"embeddable":true,"href":"https:\/\/mhamichiana.org\/es\/wp-json\/wp\/v2\/comments?post=4394"}],"version-history":[{"count":16,"href":"https:\/\/mhamichiana.org\/es\/wp-json\/wp\/v2\/posts\/4394\/revisions"}],"predecessor-version":[{"id":4411,"href":"https:\/\/mhamichiana.org\/es\/wp-json\/wp\/v2\/posts\/4394\/revisions\/4411"}],"wp:featuredmedia":[{"embeddable":true,"href":"https:\/\/mhamichiana.org\/es\/wp-json\/wp\/v2\/media\/4406"}],"wp:attachment":[{"href":"https:\/\/mhamichiana.org\/es\/wp-json\/wp\/v2\/media?parent=4394"}],"wp:term":[{"taxonomy":"category","embeddable":true,"href":"https:\/\/mhamichiana.org\/es\/wp-json\/wp\/v2\/categories?post=4394"},{"taxonomy":"post_tag","embeddable":true,"href":"https:\/\/mhamichiana.org\/es\/wp-json\/wp\/v2\/tags?post=4394"}],"curies":[{"name":"wp","href":"https:\/\/api.w.org\/{rel}","templated":true}]}}