{"id":2996,"date":"2023-04-20T21:30:20","date_gmt":"2023-04-20T21:30:20","guid":{"rendered":"https:\/\/mhamichiana.org\/?p=2996"},"modified":"2026-04-27T02:23:19","modified_gmt":"2026-04-27T06:23:19","slug":"2023-elkhart-mental-health-summit","status":"publish","type":"post","link":"https:\/\/mhamichiana.org\/es\/2023-elkhart-mental-health-summit\/","title":{"rendered":"Cumbre de Salud Mental de Elkhart 2023"},"content":{"rendered":"<p><strong><em>\u00a1La Cumbre de Salud Mental de Elkhart fue un gran \u00e9xito!<\/em><\/strong><\/p>\n<p>El mi\u00e9rcoles 12 de abril, MHAM cont\u00f3 con la participaci\u00f3n de m\u00e1s de 30 proveedores de recursos de salud mental de la comunidad para una tarde educativa (\u00a1y divertida!) en el Beacon Fitness and Aquatic Center.<\/p>\n<p>Queremos agradecer a todos los que vinieron a informarse sobre los programas que fomentan la resiliencia y los recursos que ayudan a las familias de toda la regi\u00f3n de Michiana.<\/p>\n<p>\u00a1No te pierdas nuestros pr\u00f3ximos eventos!<\/p>\n<p>\u00a1Visita el enlace a continuaci\u00f3n para ver cu\u00e1les son nuestros pr\u00f3ximos proyectos!<\/p>\n<p>\u2192\u00a0<a href=\"https:\/\/mhamichiana.org\/es\/events\/\" target=\"_blank\" rel=\"noopener\" data-saferedirecturl=\"https:\/\/www.google.com\/url?q=https:\/\/mhamichiana.us17.list-manage.com\/track\/click?u%3D6b09fc6e1c55cf46355753540%26id%3Dced48110a0%26e%3D15eb301f33&amp;source=gmail&amp;ust=1682105850618000&amp;usg=AOvVaw3L1D4TkKEygEaDZT8OyZfH\">https:\/\/mhamichiana.<wbr \/>org\/eventos\/<\/a><\/p>","protected":false},"excerpt":{"rendered":"<p>The Elkhart Mental Health Summit was a huge success! On Wednesday, April 12th, MHAM was joined by 30+ community Mental Health resource providers for an educational (and fun!) afternoon at the Beacon Fitness and Aquatic Center! We want to thank everyone who came by to learn about programs building resilience and resources helping families all [&hellip;]<\/p>\n","protected":false},"author":3,"featured_media":2997,"comment_status":"closed","ping_status":"open","sticky":false,"template":"","format":"standard","meta":{"_monsterinsights_skip_tracking":false,"_monsterinsights_sitenote_active":false,"_monsterinsights_sitenote_note":"","_monsterinsights_sitenote_category":0,"footnotes":""},"categories":[1],"tags":[],"class_list":["post-2996","post","type-post","status-publish","format-standard","has-post-thumbnail","hentry","category-uncategorized"],"yoast_head":"<!-- This site is optimized with the Yoast SEO plugin v27.4 - https:\/\/yoast.com\/product\/yoast-seo-wordpress\/ -->\n<title>2023 Elkhart Mental Health Summit<\/title>\n<meta name=\"description\" content=\"Don&#039;t miss out on our upcoming Mental Health events! Visit the link to see what we&#039;re up to next!\u00a0\u00a0\u2192\u00a0https:\/\/mhamichiana.org\/events\/\" \/>\n<meta name=\"robots\" content=\"index, follow, max-snippet:-1, max-image-preview:large, max-video-preview:-1\" \/>\n<link rel=\"canonical\" href=\"https:\/\/mhamichiana.org\/es\/2023-elkhart-mental-health-summit\/\" \/>\n<meta property=\"og:locale\" content=\"es_MX\" \/>\n<meta property=\"og:type\" content=\"article\" \/>\n<meta property=\"og:title\" content=\"2023 Elkhart Mental Health Summit\" \/>\n<meta property=\"og:description\" content=\"Don&#039;t miss out on our upcoming Mental Health events! Visit the link to see what we&#039;re up to next!\u00a0\u00a0\u2192\u00a0https:\/\/mhamichiana.org\/events\/\" \/>\n<meta property=\"og:url\" content=\"https:\/\/mhamichiana.org\/es\/2023-elkhart-mental-health-summit\/\" \/>\n<meta property=\"og:site_name\" content=\"Mental Health Awareness of Michiana\" \/>\n<meta property=\"article:published_time\" content=\"2023-04-20T21:30:20+00:00\" \/>\n<meta property=\"article:modified_time\" content=\"2026-04-27T06:23:19+00:00\" \/>\n<meta property=\"og:image\" content=\"https:\/\/mhamichiana.org\/wp-content\/uploads\/2023\/04\/Elkhart-Summit-Pics-1024x858.png\" \/>\n\t<meta property=\"og:image:width\" content=\"1024\" \/>\n\t<meta property=\"og:image:height\" content=\"858\" \/>\n\t<meta property=\"og:image:type\" content=\"image\/png\" \/>\n<meta name=\"author\" content=\"MHAM\" \/>\n<meta name=\"twitter:card\" content=\"summary_large_image\" \/>\n<meta name=\"twitter:label1\" content=\"Escrito por\" \/>\n\t<meta name=\"twitter:data1\" content=\"MHAM\" \/>\n\t<meta name=\"twitter:label2\" content=\"Tiempo de lectura\" \/>\n\t<meta name=\"twitter:data2\" content=\"1 minuto\" \/>\n<script type=\"application\/ld+json\" class=\"yoast-schema-graph\">{\"@context\":\"https:\\\/\\\/schema.org\",\"@graph\":[{\"@type\":\"Article\",\"@id\":\"https:\\\/\\\/mhamichiana.org\\\/2023-elkhart-mental-health-summit\\\/#article\",\"isPartOf\":{\"@id\":\"https:\\\/\\\/mhamichiana.org\\\/2023-elkhart-mental-health-summit\\\/\"},\"author\":{\"name\":\"MHAM\",\"@id\":\"https:\\\/\\\/mhamichiana.org\\\/#\\\/schema\\\/person\\\/df99bf76434e5f057395f5e2a0159e1a\"},\"headline\":\"2023 Elkhart Mental Health Summit\",\"datePublished\":\"2023-04-20T21:30:20+00:00\",\"dateModified\":\"2026-04-27T06:23:19+00:00\",\"mainEntityOfPage\":{\"@id\":\"https:\\\/\\\/mhamichiana.org\\\/2023-elkhart-mental-health-summit\\\/\"},\"wordCount\":84,\"publisher\":{\"@id\":\"https:\\\/\\\/mhamichiana.org\\\/#organization\"},\"image\":{\"@id\":\"https:\\\/\\\/mhamichiana.org\\\/2023-elkhart-mental-health-summit\\\/#primaryimage\"},\"thumbnailUrl\":\"https:\\\/\\\/mhamichiana.org\\\/wp-content\\\/uploads\\\/2023\\\/04\\\/Elkhart-Summit-Pics.png\",\"articleSection\":[\"Uncategorized\"],\"inLanguage\":\"es\"},{\"@type\":\"WebPage\",\"@id\":\"https:\\\/\\\/mhamichiana.org\\\/2023-elkhart-mental-health-summit\\\/\",\"url\":\"https:\\\/\\\/mhamichiana.org\\\/2023-elkhart-mental-health-summit\\\/\",\"name\":\"2023 Elkhart Mental Health Summit\",\"isPartOf\":{\"@id\":\"https:\\\/\\\/mhamichiana.org\\\/#website\"},\"primaryImageOfPage\":{\"@id\":\"https:\\\/\\\/mhamichiana.org\\\/2023-elkhart-mental-health-summit\\\/#primaryimage\"},\"image\":{\"@id\":\"https:\\\/\\\/mhamichiana.org\\\/2023-elkhart-mental-health-summit\\\/#primaryimage\"},\"thumbnailUrl\":\"https:\\\/\\\/mhamichiana.org\\\/wp-content\\\/uploads\\\/2023\\\/04\\\/Elkhart-Summit-Pics.png\",\"datePublished\":\"2023-04-20T21:30:20+00:00\",\"dateModified\":\"2026-04-27T06:23:19+00:00\",\"description\":\"Don't miss out on our upcoming Mental Health events! Visit the link to see what we're up to next!\u00a0\u00a0\u2192\u00a0https:\\\/\\\/mhamichiana.org\\\/events\\\/\",\"breadcrumb\":{\"@id\":\"https:\\\/\\\/mhamichiana.org\\\/2023-elkhart-mental-health-summit\\\/#breadcrumb\"},\"inLanguage\":\"es\",\"potentialAction\":[{\"@type\":\"ReadAction\",\"target\":[\"https:\\\/\\\/mhamichiana.org\\\/2023-elkhart-mental-health-summit\\\/\"]}]},{\"@type\":\"ImageObject\",\"inLanguage\":\"es\",\"@id\":\"https:\\\/\\\/mhamichiana.org\\\/2023-elkhart-mental-health-summit\\\/#primaryimage\",\"url\":\"https:\\\/\\\/mhamichiana.org\\\/wp-content\\\/uploads\\\/2023\\\/04\\\/Elkhart-Summit-Pics.png\",\"contentUrl\":\"https:\\\/\\\/mhamichiana.org\\\/wp-content\\\/uploads\\\/2023\\\/04\\\/Elkhart-Summit-Pics.png\",\"width\":1645,\"height\":1379,\"caption\":\"Elkhart Mental Health Summit: an event for sharing community resources.\"},{\"@type\":\"BreadcrumbList\",\"@id\":\"https:\\\/\\\/mhamichiana.org\\\/2023-elkhart-mental-health-summit\\\/#breadcrumb\",\"itemListElement\":[{\"@type\":\"ListItem\",\"position\":1,\"name\":\"Home\",\"item\":\"https:\\\/\\\/mhamichiana.org\\\/\"},{\"@type\":\"ListItem\",\"position\":2,\"name\":\"2023 Elkhart Mental Health Summit\"}]},{\"@type\":\"WebSite\",\"@id\":\"https:\\\/\\\/mhamichiana.org\\\/#website\",\"url\":\"https:\\\/\\\/mhamichiana.org\\\/\",\"name\":\"Mental Health Awareness of Michiana\",\"description\":\"Eliminate Stigma, Build Collaboration, Ensure Access to Care\",\"publisher\":{\"@id\":\"https:\\\/\\\/mhamichiana.org\\\/#organization\"},\"potentialAction\":[{\"@type\":\"SearchAction\",\"target\":{\"@type\":\"EntryPoint\",\"urlTemplate\":\"https:\\\/\\\/mhamichiana.org\\\/?s={search_term_string}\"},\"query-input\":{\"@type\":\"PropertyValueSpecification\",\"valueRequired\":true,\"valueName\":\"search_term_string\"}}],\"inLanguage\":\"es\"},{\"@type\":\"Organization\",\"@id\":\"https:\\\/\\\/mhamichiana.org\\\/#organization\",\"name\":\"Mental Health Awareness of Michiana\",\"url\":\"https:\\\/\\\/mhamichiana.org\\\/\",\"logo\":{\"@type\":\"ImageObject\",\"inLanguage\":\"es\",\"@id\":\"https:\\\/\\\/mhamichiana.org\\\/#\\\/schema\\\/logo\\\/image\\\/\",\"url\":\"https:\\\/\\\/mhamichiana.org\\\/wp-content\\\/uploads\\\/2024\\\/12\\\/MHAM-MHA-White-1.png\",\"contentUrl\":\"https:\\\/\\\/mhamichiana.org\\\/wp-content\\\/uploads\\\/2024\\\/12\\\/MHAM-MHA-White-1.png\",\"width\":2560,\"height\":427,\"caption\":\"Mental Health Awareness of Michiana\"},\"image\":{\"@id\":\"https:\\\/\\\/mhamichiana.org\\\/#\\\/schema\\\/logo\\\/image\\\/\"}},{\"@type\":\"Person\",\"@id\":\"https:\\\/\\\/mhamichiana.org\\\/#\\\/schema\\\/person\\\/df99bf76434e5f057395f5e2a0159e1a\",\"name\":\"MHAM\",\"image\":{\"@type\":\"ImageObject\",\"inLanguage\":\"es\",\"@id\":\"https:\\\/\\\/secure.gravatar.com\\\/avatar\\\/fa319975a97d8a1a8d1eabfb8ba3369c2a600df01452f041044fc83fb35103db?s=96&d=mm&r=g\",\"url\":\"https:\\\/\\\/secure.gravatar.com\\\/avatar\\\/fa319975a97d8a1a8d1eabfb8ba3369c2a600df01452f041044fc83fb35103db?s=96&d=mm&r=g\",\"contentUrl\":\"https:\\\/\\\/secure.gravatar.com\\\/avatar\\\/fa319975a97d8a1a8d1eabfb8ba3369c2a600df01452f041044fc83fb35103db?s=96&d=mm&r=g\",\"caption\":\"MHAM\"},\"sameAs\":[\"http:\\\/\\\/mhamichiana.org\"],\"url\":\"https:\\\/\\\/mhamichiana.org\\\/es\\\/author\\\/emily\\\/\"}]}<\/script>\n<!-- \/ Yoast SEO plugin. -->","yoast_head_json":{"title":"Cumbre de Salud Mental de Elkhart 2023","description":"\u00a1No te pierdas nuestros pr\u00f3ximos eventos sobre salud mental! Visita el enlace para ver qu\u00e9 tenemos preparado. \u2192 https:\/\/mhamichiana.org\/events\/","robots":{"index":"index","follow":"follow","max-snippet":"max-snippet:-1","max-image-preview":"max-image-preview:large","max-video-preview":"max-video-preview:-1"},"canonical":"https:\/\/mhamichiana.org\/es\/2023-elkhart-mental-health-summit\/","og_locale":"es_MX","og_type":"article","og_title":"2023 Elkhart Mental Health Summit","og_description":"Don't miss out on our upcoming Mental Health events! Visit the link to see what we're up to next!\u00a0\u00a0\u2192\u00a0https:\/\/mhamichiana.org\/events\/","og_url":"https:\/\/mhamichiana.org\/es\/2023-elkhart-mental-health-summit\/","og_site_name":"Mental Health Awareness of Michiana","article_published_time":"2023-04-20T21:30:20+00:00","article_modified_time":"2026-04-27T06:23:19+00:00","og_image":[{"width":1024,"height":858,"url":"https:\/\/mhamichiana.org\/wp-content\/uploads\/2023\/04\/Elkhart-Summit-Pics-1024x858.png","type":"image\/png"}],"author":"MHAM","twitter_card":"summary_large_image","twitter_misc":{"Escrito por":"MHAM","Tiempo de lectura":"1 minuto"},"schema":{"@context":"https:\/\/schema.org","@graph":[{"@type":"Article","@id":"https:\/\/mhamichiana.org\/2023-elkhart-mental-health-summit\/#article","isPartOf":{"@id":"https:\/\/mhamichiana.org\/2023-elkhart-mental-health-summit\/"},"author":{"name":"MHAM","@id":"https:\/\/mhamichiana.org\/#\/schema\/person\/df99bf76434e5f057395f5e2a0159e1a"},"headline":"2023 Elkhart Mental Health Summit","datePublished":"2023-04-20T21:30:20+00:00","dateModified":"2026-04-27T06:23:19+00:00","mainEntityOfPage":{"@id":"https:\/\/mhamichiana.org\/2023-elkhart-mental-health-summit\/"},"wordCount":84,"publisher":{"@id":"https:\/\/mhamichiana.org\/#organization"},"image":{"@id":"https:\/\/mhamichiana.org\/2023-elkhart-mental-health-summit\/#primaryimage"},"thumbnailUrl":"https:\/\/mhamichiana.org\/wp-content\/uploads\/2023\/04\/Elkhart-Summit-Pics.png","articleSection":["Uncategorized"],"inLanguage":"es"},{"@type":"WebPage","@id":"https:\/\/mhamichiana.org\/2023-elkhart-mental-health-summit\/","url":"https:\/\/mhamichiana.org\/2023-elkhart-mental-health-summit\/","name":"Cumbre de Salud Mental de Elkhart 2023","isPartOf":{"@id":"https:\/\/mhamichiana.org\/#website"},"primaryImageOfPage":{"@id":"https:\/\/mhamichiana.org\/2023-elkhart-mental-health-summit\/#primaryimage"},"image":{"@id":"https:\/\/mhamichiana.org\/2023-elkhart-mental-health-summit\/#primaryimage"},"thumbnailUrl":"https:\/\/mhamichiana.org\/wp-content\/uploads\/2023\/04\/Elkhart-Summit-Pics.png","datePublished":"2023-04-20T21:30:20+00:00","dateModified":"2026-04-27T06:23:19+00:00","description":"\u00a1No te pierdas nuestros pr\u00f3ximos eventos sobre salud mental! Visita el enlace para ver qu\u00e9 tenemos preparado. \u2192 https:\/\/mhamichiana.org\/events\/","breadcrumb":{"@id":"https:\/\/mhamichiana.org\/2023-elkhart-mental-health-summit\/#breadcrumb"},"inLanguage":"es","potentialAction":[{"@type":"ReadAction","target":["https:\/\/mhamichiana.org\/2023-elkhart-mental-health-summit\/"]}]},{"@type":"ImageObject","inLanguage":"es","@id":"https:\/\/mhamichiana.org\/2023-elkhart-mental-health-summit\/#primaryimage","url":"https:\/\/mhamichiana.org\/wp-content\/uploads\/2023\/04\/Elkhart-Summit-Pics.png","contentUrl":"https:\/\/mhamichiana.org\/wp-content\/uploads\/2023\/04\/Elkhart-Summit-Pics.png","width":1645,"height":1379,"caption":"Elkhart Mental Health Summit: an event for sharing community resources."},{"@type":"BreadcrumbList","@id":"https:\/\/mhamichiana.org\/2023-elkhart-mental-health-summit\/#breadcrumb","itemListElement":[{"@type":"ListItem","position":1,"name":"Home","item":"https:\/\/mhamichiana.org\/"},{"@type":"ListItem","position":2,"name":"2023 Elkhart Mental Health Summit"}]},{"@type":"WebSite","@id":"https:\/\/mhamichiana.org\/#website","url":"https:\/\/mhamichiana.org\/","name":"Concientizaci\u00f3n sobre la salud mental en Michiana","description":"Eliminar el estigma, fomentar la colaboraci\u00f3n y garantizar el acceso a la atenci\u00f3n m\u00e9dica.","publisher":{"@id":"https:\/\/mhamichiana.org\/#organization"},"potentialAction":[{"@type":"SearchAction","target":{"@type":"EntryPoint","urlTemplate":"https:\/\/mhamichiana.org\/?s={search_term_string}"},"query-input":{"@type":"PropertyValueSpecification","valueRequired":true,"valueName":"search_term_string"}}],"inLanguage":"es"},{"@type":"Organization","@id":"https:\/\/mhamichiana.org\/#organization","name":"Concientizaci\u00f3n sobre la salud mental en Michiana","url":"https:\/\/mhamichiana.org\/","logo":{"@type":"ImageObject","inLanguage":"es","@id":"https:\/\/mhamichiana.org\/#\/schema\/logo\/image\/","url":"https:\/\/mhamichiana.org\/wp-content\/uploads\/2024\/12\/MHAM-MHA-White-1.png","contentUrl":"https:\/\/mhamichiana.org\/wp-content\/uploads\/2024\/12\/MHAM-MHA-White-1.png","width":2560,"height":427,"caption":"Mental Health Awareness of Michiana"},"image":{"@id":"https:\/\/mhamichiana.org\/#\/schema\/logo\/image\/"}},{"@type":"Person","@id":"https:\/\/mhamichiana.org\/#\/schema\/person\/df99bf76434e5f057395f5e2a0159e1a","name":"MHAM","image":{"@type":"ImageObject","inLanguage":"es","@id":"https:\/\/secure.gravatar.com\/avatar\/fa319975a97d8a1a8d1eabfb8ba3369c2a600df01452f041044fc83fb35103db?s=96&d=mm&r=g","url":"https:\/\/secure.gravatar.com\/avatar\/fa319975a97d8a1a8d1eabfb8ba3369c2a600df01452f041044fc83fb35103db?s=96&d=mm&r=g","contentUrl":"https:\/\/secure.gravatar.com\/avatar\/fa319975a97d8a1a8d1eabfb8ba3369c2a600df01452f041044fc83fb35103db?s=96&d=mm&r=g","caption":"MHAM"},"sameAs":["http:\/\/mhamichiana.org"],"url":"https:\/\/mhamichiana.org\/es\/author\/emily\/"}]}},"_links":{"self":[{"href":"https:\/\/mhamichiana.org\/es\/wp-json\/wp\/v2\/posts\/2996","targetHints":{"allow":["GET"]}}],"collection":[{"href":"https:\/\/mhamichiana.org\/es\/wp-json\/wp\/v2\/posts"}],"about":[{"href":"https:\/\/mhamichiana.org\/es\/wp-json\/wp\/v2\/types\/post"}],"author":[{"embeddable":true,"href":"https:\/\/mhamichiana.org\/es\/wp-json\/wp\/v2\/users\/3"}],"replies":[{"embeddable":true,"href":"https:\/\/mhamichiana.org\/es\/wp-json\/wp\/v2\/comments?post=2996"}],"version-history":[{"count":2,"href":"https:\/\/mhamichiana.org\/es\/wp-json\/wp\/v2\/posts\/2996\/revisions"}],"predecessor-version":[{"id":2999,"href":"https:\/\/mhamichiana.org\/es\/wp-json\/wp\/v2\/posts\/2996\/revisions\/2999"}],"wp:featuredmedia":[{"embeddable":true,"href":"https:\/\/mhamichiana.org\/es\/wp-json\/wp\/v2\/media\/2997"}],"wp:attachment":[{"href":"https:\/\/mhamichiana.org\/es\/wp-json\/wp\/v2\/media?parent=2996"}],"wp:term":[{"taxonomy":"category","embeddable":true,"href":"https:\/\/mhamichiana.org\/es\/wp-json\/wp\/v2\/categories?post=2996"},{"taxonomy":"post_tag","embeddable":true,"href":"https:\/\/mhamichiana.org\/es\/wp-json\/wp\/v2\/tags?post=2996"}],"curies":[{"name":"wp","href":"https:\/\/api.w.org\/{rel}","templated":true}]}}