{"id":2270,"date":"2022-02-14T13:59:29","date_gmt":"2022-02-14T13:59:29","guid":{"rendered":"https:\/\/mhamichiana.org\/?p=2270"},"modified":"2026-04-27T02:23:20","modified_gmt":"2026-04-27T06:23:20","slug":"impact-of-homelessness-on-the-individual-steves-story","status":"publish","type":"post","link":"https:\/\/mhamichiana.org\/es\/impact-of-homelessness-on-the-individual-steves-story\/","title":{"rendered":"Impacto de la falta de vivienda en el individuo: La historia de Steve"},"content":{"rendered":"<p>Adaptado de un seminario web organizado por Mental Health Awareness of Michiana el 19 de noviembre de 2021. Tamara Lucas describe el impacto de la falta de vivienda en el individuo, acompa\u00f1ada por Steve Taylor de Goshen, Indiana, quien valientemente relata su experiencia de vivir en la calle.<\/p>","protected":false},"excerpt":{"rendered":"<p>Tamara Lucas describe el impacto de la falta de vivienda en el individuo, acompa\u00f1ada por Steve Taylor de Goshen, Indiana, quien valientemente relata su experiencia de vivir en la calle.<\/p>","protected":false},"author":1,"featured_media":1946,"comment_status":"closed","ping_status":"open","sticky":false,"template":"","format":"standard","meta":{"_monsterinsights_skip_tracking":false,"_monsterinsights_sitenote_active":false,"_monsterinsights_sitenote_note":"","_monsterinsights_sitenote_category":0,"footnotes":""},"categories":[11],"tags":[],"class_list":["post-2270","post","type-post","status-publish","format-standard","has-post-thumbnail","hentry","category-webinar"],"yoast_head":"<!-- This site is optimized with the Yoast SEO plugin v27.4 - https:\/\/yoast.com\/product\/yoast-seo-wordpress\/ -->\n<title>Impact of Homelessness on the Individual: Steve&#039;s Story - Mental Health Awareness of Michiana<\/title>\n<meta name=\"robots\" content=\"index, follow, max-snippet:-1, max-image-preview:large, max-video-preview:-1\" \/>\n<link rel=\"canonical\" href=\"https:\/\/mhamichiana.org\/es\/impact-of-homelessness-on-the-individual-steves-story\/\" \/>\n<meta property=\"og:locale\" content=\"es_MX\" \/>\n<meta property=\"og:type\" content=\"article\" \/>\n<meta property=\"og:title\" content=\"Impact of Homelessness on the Individual: Steve&#039;s Story - Mental Health Awareness of Michiana\" \/>\n<meta property=\"og:description\" content=\"Tamara Lucas describes the Impact of Homelessness on the individual, accompanied by Steve Taylor from Goshen, IN, who bravely tells his experience of homelessness.\" \/>\n<meta property=\"og:url\" content=\"https:\/\/mhamichiana.org\/es\/impact-of-homelessness-on-the-individual-steves-story\/\" \/>\n<meta property=\"og:site_name\" content=\"Mental Health Awareness of Michiana\" \/>\n<meta property=\"article:published_time\" content=\"2022-02-14T13:59:29+00:00\" \/>\n<meta property=\"article:modified_time\" content=\"2026-04-27T06:23:20+00:00\" \/>\n<meta property=\"og:image\" content=\"https:\/\/mhamichiana.org\/wp-content\/uploads\/2020\/08\/webinar-ftd-img.jpg\" \/>\n\t<meta property=\"og:image:width\" content=\"2550\" \/>\n\t<meta property=\"og:image:height\" content=\"1700\" \/>\n\t<meta property=\"og:image:type\" content=\"image\/jpeg\" \/>\n<meta name=\"author\" content=\"ashley-swanson\" \/>\n<meta name=\"twitter:card\" content=\"summary_large_image\" \/>\n<meta name=\"twitter:label1\" content=\"Escrito por\" \/>\n\t<meta name=\"twitter:data1\" content=\"ashley-swanson\" \/>\n\t<meta name=\"twitter:label2\" content=\"Tiempo de lectura\" \/>\n\t<meta name=\"twitter:data2\" content=\"1 minuto\" \/>\n<script type=\"application\/ld+json\" class=\"yoast-schema-graph\">{\"@context\":\"https:\\\/\\\/schema.org\",\"@graph\":[{\"@type\":\"Article\",\"@id\":\"https:\\\/\\\/mhamichiana.org\\\/impact-of-homelessness-on-the-individual-steves-story\\\/#article\",\"isPartOf\":{\"@id\":\"https:\\\/\\\/mhamichiana.org\\\/impact-of-homelessness-on-the-individual-steves-story\\\/\"},\"author\":{\"name\":\"ashley-swanson\",\"@id\":\"https:\\\/\\\/mhamichiana.org\\\/#\\\/schema\\\/person\\\/80560868e3cc76b0f62c2eb5134998b3\"},\"headline\":\"Impact of Homelessness on the Individual: Steve&#8217;s Story\",\"datePublished\":\"2022-02-14T13:59:29+00:00\",\"dateModified\":\"2026-04-27T06:23:20+00:00\",\"mainEntityOfPage\":{\"@id\":\"https:\\\/\\\/mhamichiana.org\\\/impact-of-homelessness-on-the-individual-steves-story\\\/\"},\"wordCount\":46,\"publisher\":{\"@id\":\"https:\\\/\\\/mhamichiana.org\\\/#organization\"},\"image\":{\"@id\":\"https:\\\/\\\/mhamichiana.org\\\/impact-of-homelessness-on-the-individual-steves-story\\\/#primaryimage\"},\"thumbnailUrl\":\"https:\\\/\\\/mhamichiana.org\\\/wp-content\\\/uploads\\\/2020\\\/08\\\/webinar-ftd-img.jpg\",\"articleSection\":[\"Webinar\"],\"inLanguage\":\"es\"},{\"@type\":\"WebPage\",\"@id\":\"https:\\\/\\\/mhamichiana.org\\\/impact-of-homelessness-on-the-individual-steves-story\\\/\",\"url\":\"https:\\\/\\\/mhamichiana.org\\\/impact-of-homelessness-on-the-individual-steves-story\\\/\",\"name\":\"Impact of Homelessness on the Individual: Steve's Story - Mental Health Awareness of Michiana\",\"isPartOf\":{\"@id\":\"https:\\\/\\\/mhamichiana.org\\\/#website\"},\"primaryImageOfPage\":{\"@id\":\"https:\\\/\\\/mhamichiana.org\\\/impact-of-homelessness-on-the-individual-steves-story\\\/#primaryimage\"},\"image\":{\"@id\":\"https:\\\/\\\/mhamichiana.org\\\/impact-of-homelessness-on-the-individual-steves-story\\\/#primaryimage\"},\"thumbnailUrl\":\"https:\\\/\\\/mhamichiana.org\\\/wp-content\\\/uploads\\\/2020\\\/08\\\/webinar-ftd-img.jpg\",\"datePublished\":\"2022-02-14T13:59:29+00:00\",\"dateModified\":\"2026-04-27T06:23:20+00:00\",\"breadcrumb\":{\"@id\":\"https:\\\/\\\/mhamichiana.org\\\/impact-of-homelessness-on-the-individual-steves-story\\\/#breadcrumb\"},\"inLanguage\":\"es\",\"potentialAction\":[{\"@type\":\"ReadAction\",\"target\":[\"https:\\\/\\\/mhamichiana.org\\\/impact-of-homelessness-on-the-individual-steves-story\\\/\"]}]},{\"@type\":\"ImageObject\",\"inLanguage\":\"es\",\"@id\":\"https:\\\/\\\/mhamichiana.org\\\/impact-of-homelessness-on-the-individual-steves-story\\\/#primaryimage\",\"url\":\"https:\\\/\\\/mhamichiana.org\\\/wp-content\\\/uploads\\\/2020\\\/08\\\/webinar-ftd-img.jpg\",\"contentUrl\":\"https:\\\/\\\/mhamichiana.org\\\/wp-content\\\/uploads\\\/2020\\\/08\\\/webinar-ftd-img.jpg\",\"width\":2550,\"height\":1700},{\"@type\":\"BreadcrumbList\",\"@id\":\"https:\\\/\\\/mhamichiana.org\\\/impact-of-homelessness-on-the-individual-steves-story\\\/#breadcrumb\",\"itemListElement\":[{\"@type\":\"ListItem\",\"position\":1,\"name\":\"Home\",\"item\":\"https:\\\/\\\/mhamichiana.org\\\/\"},{\"@type\":\"ListItem\",\"position\":2,\"name\":\"Impact of Homelessness on the Individual: Steve&#8217;s Story\"}]},{\"@type\":\"WebSite\",\"@id\":\"https:\\\/\\\/mhamichiana.org\\\/#website\",\"url\":\"https:\\\/\\\/mhamichiana.org\\\/\",\"name\":\"Mental Health Awareness of Michiana\",\"description\":\"Eliminate Stigma, Build Collaboration, Ensure Access to Care\",\"publisher\":{\"@id\":\"https:\\\/\\\/mhamichiana.org\\\/#organization\"},\"potentialAction\":[{\"@type\":\"SearchAction\",\"target\":{\"@type\":\"EntryPoint\",\"urlTemplate\":\"https:\\\/\\\/mhamichiana.org\\\/?s={search_term_string}\"},\"query-input\":{\"@type\":\"PropertyValueSpecification\",\"valueRequired\":true,\"valueName\":\"search_term_string\"}}],\"inLanguage\":\"es\"},{\"@type\":\"Organization\",\"@id\":\"https:\\\/\\\/mhamichiana.org\\\/#organization\",\"name\":\"Mental Health Awareness of Michiana\",\"url\":\"https:\\\/\\\/mhamichiana.org\\\/\",\"logo\":{\"@type\":\"ImageObject\",\"inLanguage\":\"es\",\"@id\":\"https:\\\/\\\/mhamichiana.org\\\/#\\\/schema\\\/logo\\\/image\\\/\",\"url\":\"https:\\\/\\\/mhamichiana.org\\\/wp-content\\\/uploads\\\/2024\\\/12\\\/MHAM-MHA-White-1.png\",\"contentUrl\":\"https:\\\/\\\/mhamichiana.org\\\/wp-content\\\/uploads\\\/2024\\\/12\\\/MHAM-MHA-White-1.png\",\"width\":2560,\"height\":427,\"caption\":\"Mental Health Awareness of Michiana\"},\"image\":{\"@id\":\"https:\\\/\\\/mhamichiana.org\\\/#\\\/schema\\\/logo\\\/image\\\/\"}},{\"@type\":\"Person\",\"@id\":\"https:\\\/\\\/mhamichiana.org\\\/#\\\/schema\\\/person\\\/80560868e3cc76b0f62c2eb5134998b3\",\"name\":\"ashley-swanson\",\"image\":{\"@type\":\"ImageObject\",\"inLanguage\":\"es\",\"@id\":\"https:\\\/\\\/secure.gravatar.com\\\/avatar\\\/1326e672b2e22edf43565a06c724151f5e97fe6d9bc1d3a6c3f88f5a73c4a402?s=96&d=mm&r=g\",\"url\":\"https:\\\/\\\/secure.gravatar.com\\\/avatar\\\/1326e672b2e22edf43565a06c724151f5e97fe6d9bc1d3a6c3f88f5a73c4a402?s=96&d=mm&r=g\",\"contentUrl\":\"https:\\\/\\\/secure.gravatar.com\\\/avatar\\\/1326e672b2e22edf43565a06c724151f5e97fe6d9bc1d3a6c3f88f5a73c4a402?s=96&d=mm&r=g\",\"caption\":\"ashley-swanson\"},\"sameAs\":[\"http:\\\/\\\/mhamichiana.org\"],\"url\":\"https:\\\/\\\/mhamichiana.org\\\/es\\\/author\\\/ashley-swanson\\\/\"}]}<\/script>\n<!-- \/ Yoast SEO plugin. -->","yoast_head_json":{"title":"Impacto de la falta de vivienda en el individuo: La historia de Steve - Concientizaci\u00f3n sobre la salud mental en Michiana","robots":{"index":"index","follow":"follow","max-snippet":"max-snippet:-1","max-image-preview":"max-image-preview:large","max-video-preview":"max-video-preview:-1"},"canonical":"https:\/\/mhamichiana.org\/es\/impact-of-homelessness-on-the-individual-steves-story\/","og_locale":"es_MX","og_type":"article","og_title":"Impact of Homelessness on the Individual: Steve's Story - Mental Health Awareness of Michiana","og_description":"Tamara Lucas describes the Impact of Homelessness on the individual, accompanied by Steve Taylor from Goshen, IN, who bravely tells his experience of homelessness.","og_url":"https:\/\/mhamichiana.org\/es\/impact-of-homelessness-on-the-individual-steves-story\/","og_site_name":"Mental Health Awareness of Michiana","article_published_time":"2022-02-14T13:59:29+00:00","article_modified_time":"2026-04-27T06:23:20+00:00","og_image":[{"width":2550,"height":1700,"url":"https:\/\/mhamichiana.org\/wp-content\/uploads\/2020\/08\/webinar-ftd-img.jpg","type":"image\/jpeg"}],"author":"ashley-swanson","twitter_card":"summary_large_image","twitter_misc":{"Escrito por":"ashley-swanson","Tiempo de lectura":"1 minuto"},"schema":{"@context":"https:\/\/schema.org","@graph":[{"@type":"Article","@id":"https:\/\/mhamichiana.org\/impact-of-homelessness-on-the-individual-steves-story\/#article","isPartOf":{"@id":"https:\/\/mhamichiana.org\/impact-of-homelessness-on-the-individual-steves-story\/"},"author":{"name":"ashley-swanson","@id":"https:\/\/mhamichiana.org\/#\/schema\/person\/80560868e3cc76b0f62c2eb5134998b3"},"headline":"Impact of Homelessness on the Individual: Steve&#8217;s Story","datePublished":"2022-02-14T13:59:29+00:00","dateModified":"2026-04-27T06:23:20+00:00","mainEntityOfPage":{"@id":"https:\/\/mhamichiana.org\/impact-of-homelessness-on-the-individual-steves-story\/"},"wordCount":46,"publisher":{"@id":"https:\/\/mhamichiana.org\/#organization"},"image":{"@id":"https:\/\/mhamichiana.org\/impact-of-homelessness-on-the-individual-steves-story\/#primaryimage"},"thumbnailUrl":"https:\/\/mhamichiana.org\/wp-content\/uploads\/2020\/08\/webinar-ftd-img.jpg","articleSection":["Webinar"],"inLanguage":"es"},{"@type":"WebPage","@id":"https:\/\/mhamichiana.org\/impact-of-homelessness-on-the-individual-steves-story\/","url":"https:\/\/mhamichiana.org\/impact-of-homelessness-on-the-individual-steves-story\/","name":"Impacto de la falta de vivienda en el individuo: La historia de Steve - Concientizaci\u00f3n sobre la salud mental en Michiana","isPartOf":{"@id":"https:\/\/mhamichiana.org\/#website"},"primaryImageOfPage":{"@id":"https:\/\/mhamichiana.org\/impact-of-homelessness-on-the-individual-steves-story\/#primaryimage"},"image":{"@id":"https:\/\/mhamichiana.org\/impact-of-homelessness-on-the-individual-steves-story\/#primaryimage"},"thumbnailUrl":"https:\/\/mhamichiana.org\/wp-content\/uploads\/2020\/08\/webinar-ftd-img.jpg","datePublished":"2022-02-14T13:59:29+00:00","dateModified":"2026-04-27T06:23:20+00:00","breadcrumb":{"@id":"https:\/\/mhamichiana.org\/impact-of-homelessness-on-the-individual-steves-story\/#breadcrumb"},"inLanguage":"es","potentialAction":[{"@type":"ReadAction","target":["https:\/\/mhamichiana.org\/impact-of-homelessness-on-the-individual-steves-story\/"]}]},{"@type":"ImageObject","inLanguage":"es","@id":"https:\/\/mhamichiana.org\/impact-of-homelessness-on-the-individual-steves-story\/#primaryimage","url":"https:\/\/mhamichiana.org\/wp-content\/uploads\/2020\/08\/webinar-ftd-img.jpg","contentUrl":"https:\/\/mhamichiana.org\/wp-content\/uploads\/2020\/08\/webinar-ftd-img.jpg","width":2550,"height":1700},{"@type":"BreadcrumbList","@id":"https:\/\/mhamichiana.org\/impact-of-homelessness-on-the-individual-steves-story\/#breadcrumb","itemListElement":[{"@type":"ListItem","position":1,"name":"Home","item":"https:\/\/mhamichiana.org\/"},{"@type":"ListItem","position":2,"name":"Impact of Homelessness on the Individual: Steve&#8217;s Story"}]},{"@type":"WebSite","@id":"https:\/\/mhamichiana.org\/#website","url":"https:\/\/mhamichiana.org\/","name":"Concientizaci\u00f3n sobre la salud mental en Michiana","description":"Eliminar el estigma, fomentar la colaboraci\u00f3n y garantizar el acceso a la atenci\u00f3n m\u00e9dica.","publisher":{"@id":"https:\/\/mhamichiana.org\/#organization"},"potentialAction":[{"@type":"SearchAction","target":{"@type":"EntryPoint","urlTemplate":"https:\/\/mhamichiana.org\/?s={search_term_string}"},"query-input":{"@type":"PropertyValueSpecification","valueRequired":true,"valueName":"search_term_string"}}],"inLanguage":"es"},{"@type":"Organization","@id":"https:\/\/mhamichiana.org\/#organization","name":"Concientizaci\u00f3n sobre la salud mental en Michiana","url":"https:\/\/mhamichiana.org\/","logo":{"@type":"ImageObject","inLanguage":"es","@id":"https:\/\/mhamichiana.org\/#\/schema\/logo\/image\/","url":"https:\/\/mhamichiana.org\/wp-content\/uploads\/2024\/12\/MHAM-MHA-White-1.png","contentUrl":"https:\/\/mhamichiana.org\/wp-content\/uploads\/2024\/12\/MHAM-MHA-White-1.png","width":2560,"height":427,"caption":"Mental Health Awareness of Michiana"},"image":{"@id":"https:\/\/mhamichiana.org\/#\/schema\/logo\/image\/"}},{"@type":"Person","@id":"https:\/\/mhamichiana.org\/#\/schema\/person\/80560868e3cc76b0f62c2eb5134998b3","name":"Ashley Swanson","image":{"@type":"ImageObject","inLanguage":"es","@id":"https:\/\/secure.gravatar.com\/avatar\/1326e672b2e22edf43565a06c724151f5e97fe6d9bc1d3a6c3f88f5a73c4a402?s=96&d=mm&r=g","url":"https:\/\/secure.gravatar.com\/avatar\/1326e672b2e22edf43565a06c724151f5e97fe6d9bc1d3a6c3f88f5a73c4a402?s=96&d=mm&r=g","contentUrl":"https:\/\/secure.gravatar.com\/avatar\/1326e672b2e22edf43565a06c724151f5e97fe6d9bc1d3a6c3f88f5a73c4a402?s=96&d=mm&r=g","caption":"ashley-swanson"},"sameAs":["http:\/\/mhamichiana.org"],"url":"https:\/\/mhamichiana.org\/es\/author\/ashley-swanson\/"}]}},"_links":{"self":[{"href":"https:\/\/mhamichiana.org\/es\/wp-json\/wp\/v2\/posts\/2270","targetHints":{"allow":["GET"]}}],"collection":[{"href":"https:\/\/mhamichiana.org\/es\/wp-json\/wp\/v2\/posts"}],"about":[{"href":"https:\/\/mhamichiana.org\/es\/wp-json\/wp\/v2\/types\/post"}],"author":[{"embeddable":true,"href":"https:\/\/mhamichiana.org\/es\/wp-json\/wp\/v2\/users\/1"}],"replies":[{"embeddable":true,"href":"https:\/\/mhamichiana.org\/es\/wp-json\/wp\/v2\/comments?post=2270"}],"version-history":[{"count":2,"href":"https:\/\/mhamichiana.org\/es\/wp-json\/wp\/v2\/posts\/2270\/revisions"}],"predecessor-version":[{"id":2272,"href":"https:\/\/mhamichiana.org\/es\/wp-json\/wp\/v2\/posts\/2270\/revisions\/2272"}],"wp:featuredmedia":[{"embeddable":true,"href":"https:\/\/mhamichiana.org\/es\/wp-json\/wp\/v2\/media\/1946"}],"wp:attachment":[{"href":"https:\/\/mhamichiana.org\/es\/wp-json\/wp\/v2\/media?parent=2270"}],"wp:term":[{"taxonomy":"category","embeddable":true,"href":"https:\/\/mhamichiana.org\/es\/wp-json\/wp\/v2\/categories?post=2270"},{"taxonomy":"post_tag","embeddable":true,"href":"https:\/\/mhamichiana.org\/es\/wp-json\/wp\/v2\/tags?post=2270"}],"curies":[{"name":"wp","href":"https:\/\/api.w.org\/{rel}","templated":true}]}}